{"id":104,"date":"2009-05-07T15:39:59","date_gmt":"2009-05-07T13:39:59","guid":{"rendered":"http:\/\/www.amap-brugeslebouscat.fr\/?p=104"},"modified":"2009-05-07T15:39:59","modified_gmt":"2009-05-07T13:39:59","slug":"assemblee-generale","status":"publish","type":"post","link":"http:\/\/www.amap-brugeslebouscat.fr\/?p=104","title":{"rendered":"Assembl\u00e9e g\u00e9n\u00e9rale"},"content":{"rendered":"<p>L&rsquo;assembl\u00e9e g\u00e9n\u00e9rale de notre AMAP aura lieu le <strong>Mardi 12 Mai 2009 \u00e0 19h<\/strong> au Forum des Associations, salle N\u00b02, 68 avenue de Verdun \u00e0 BRUGES.<\/p>\n<p>Elle est ouverte \u00e0 toutes les personnes d\u00e9j\u00e0 membres de l&rsquo;AMAP, sur liste d&rsquo;attente ou tout simplement int\u00e9ress\u00e9es par une adh\u00e9sion.<\/p>\n","protected":false},"excerpt":{"rendered":"<p>L&rsquo;assembl\u00e9e g\u00e9n\u00e9rale de notre AMAP aura lieu le Mardi 12 Mai 2009 \u00e0 19h au Forum des Associations, salle N\u00b02, 68 avenue de Verdun \u00e0 BRUGES. Elle est ouverte \u00e0 toutes les personnes d\u00e9j\u00e0 membres de l&rsquo;AMAP, sur liste d&rsquo;attente ou tout simplement int\u00e9ress\u00e9es par une adh\u00e9sion.<\/p>\n","protected":false},"author":2,"featured_media":0,"comment_status":"open","ping_status":"open","sticky":false,"template":"","format":"standard","meta":{"_monsterinsights_skip_tracking":false,"_monsterinsights_sitenote_active":false,"_monsterinsights_sitenote_note":"","_monsterinsights_sitenote_category":0,"footnotes":""},"categories":[7],"tags":[],"_links":{"self":[{"href":"http:\/\/www.amap-brugeslebouscat.fr\/index.php?rest_route=\/wp\/v2\/posts\/104"}],"collection":[{"href":"http:\/\/www.amap-brugeslebouscat.fr\/index.php?rest_route=\/wp\/v2\/posts"}],"about":[{"href":"http:\/\/www.amap-brugeslebouscat.fr\/index.php?rest_route=\/wp\/v2\/types\/post"}],"author":[{"embeddable":true,"href":"http:\/\/www.amap-brugeslebouscat.fr\/index.php?rest_route=\/wp\/v2\/users\/2"}],"replies":[{"embeddable":true,"href":"http:\/\/www.amap-brugeslebouscat.fr\/index.php?rest_route=%2Fwp%2Fv2%2Fcomments&post=104"}],"version-history":[{"count":1,"href":"http:\/\/www.amap-brugeslebouscat.fr\/index.php?rest_route=\/wp\/v2\/posts\/104\/revisions"}],"predecessor-version":[{"id":105,"href":"http:\/\/www.amap-brugeslebouscat.fr\/index.php?rest_route=\/wp\/v2\/posts\/104\/revisions\/105"}],"wp:attachment":[{"href":"http:\/\/www.amap-brugeslebouscat.fr\/index.php?rest_route=%2Fwp%2Fv2%2Fmedia&parent=104"}],"wp:term":[{"taxonomy":"category","embeddable":true,"href":"http:\/\/www.amap-brugeslebouscat.fr\/index.php?rest_route=%2Fwp%2Fv2%2Fcategories&post=104"},{"taxonomy":"post_tag","embeddable":true,"href":"http:\/\/www.amap-brugeslebouscat.fr\/index.php?rest_route=%2Fwp%2Fv2%2Ftags&post=104"}],"curies":[{"name":"wp","href":"https:\/\/api.w.org\/{rel}","templated":true}]}}