{"id":1042,"date":"2025-11-26T16:34:02","date_gmt":"2025-11-26T15:34:02","guid":{"rendered":"http:\/\/www.amap-brugeslebouscat.fr\/?p=1042"},"modified":"2025-12-05T12:34:20","modified_gmt":"2025-12-05T11:34:20","slug":"assemblee-generale-du-22-novembre-2025","status":"publish","type":"post","link":"http:\/\/www.amap-brugeslebouscat.fr\/?p=1042","title":{"rendered":"Assembl\u00e9e G\u00e9n\u00e9rale du 22 novembre 2025"},"content":{"rendered":"\n<p>L&rsquo;AMAP de la Terre \u00e0 l&rsquo;Assiette a tenu son AG (PV en lien <a href=\"http:\/\/www.amap-brugeslebouscat.fr\/wp-content\/uploads\/2025\/12\/PV-AG-du-22nov25.pdf\" data-type=\"link\" data-id=\"http:\/\/www.amap-brugeslebouscat.fr\/wp-content\/uploads\/2025\/12\/PV-AG-du-22nov25.pdf\" target=\"_blank\" rel=\"noreferrer noopener\"><strong>ICI<\/strong><\/a>); le bureau et les <a href=\"http:\/\/www.amap-brugeslebouscat.fr\/?page_id=31\" target=\"_blank\" rel=\"noreferrer noopener\">coordinateurs <\/a>ont accueilli les amapiens pr\u00e9sents avec plaisir pour ce moment convivial et toujours important de la vie de l&rsquo;association. <\/p>\n\n\n\n<p>Une AG dense avec d&rsquo;abord le bilan de l&rsquo;ann\u00e9e pass\u00e9e, chaque coordinateur a \u00e9voqu\u00e9 son contrat, puis nous avons pass\u00e9 en revue les nombreux projets pour cette nouvelle saison pour lesquelles nous souhaitions l&rsquo;avis des amapiens. <\/p>\n\n\n\n<p>Laurence Thibout a souhait\u00e9 quitter son poste de pr\u00e9sidente, tout en gardant bien s\u00fbr ses fonctions de coordinatrice. Le bureau et les coordinateurs remercient vivement Laurence pour ces deux ann\u00e9es pass\u00e9es et son implication au sein de l&rsquo;AMAP. <\/p>\n\n\n\n<p>Armelle Fiabane, d\u00e9j\u00e0 coordinatrice pour le pain, et de plus en plus investie dans l&rsquo;association, s&rsquo;est propos\u00e9e pour remplacer Laurence, ce que tout le monde a accept\u00e9 avec plaisir. Le bureau se compose maintenant comme suit : <\/p>\n\n\n\n<ul>\n<li>Armelle Fiabane, pr\u00e9sidente<\/li>\n\n\n\n<li>Laurent Masson, tr\u00e9sorier<\/li>\n\n\n\n<li>Dani\u00e8le Pouvreau, secr\u00e9taire<\/li>\n<\/ul>\n\n\n\n<p><\/p>\n","protected":false},"excerpt":{"rendered":"<p>L&rsquo;AMAP de la Terre \u00e0 l&rsquo;Assiette a tenu son AG (PV en lien ICI); le bureau et les coordinateurs ont accueilli les amapiens pr\u00e9sents avec plaisir pour ce moment convivial et toujours important de la vie de l&rsquo;association. Une AG dense avec d&rsquo;abord le bilan de l&rsquo;ann\u00e9e pass\u00e9e, chaque coordinateur a \u00e9voqu\u00e9 son contrat, puis [&hellip;]<\/p>\n","protected":false},"author":3,"featured_media":0,"comment_status":"closed","ping_status":"open","sticky":false,"template":"","format":"standard","meta":{"_monsterinsights_skip_tracking":false,"_monsterinsights_sitenote_active":false,"_monsterinsights_sitenote_note":"","_monsterinsights_sitenote_category":0,"footnotes":""},"categories":[7],"tags":[],"_links":{"self":[{"href":"http:\/\/www.amap-brugeslebouscat.fr\/index.php?rest_route=\/wp\/v2\/posts\/1042"}],"collection":[{"href":"http:\/\/www.amap-brugeslebouscat.fr\/index.php?rest_route=\/wp\/v2\/posts"}],"about":[{"href":"http:\/\/www.amap-brugeslebouscat.fr\/index.php?rest_route=\/wp\/v2\/types\/post"}],"author":[{"embeddable":true,"href":"http:\/\/www.amap-brugeslebouscat.fr\/index.php?rest_route=\/wp\/v2\/users\/3"}],"replies":[{"embeddable":true,"href":"http:\/\/www.amap-brugeslebouscat.fr\/index.php?rest_route=%2Fwp%2Fv2%2Fcomments&post=1042"}],"version-history":[{"count":4,"href":"http:\/\/www.amap-brugeslebouscat.fr\/index.php?rest_route=\/wp\/v2\/posts\/1042\/revisions"}],"predecessor-version":[{"id":1066,"href":"http:\/\/www.amap-brugeslebouscat.fr\/index.php?rest_route=\/wp\/v2\/posts\/1042\/revisions\/1066"}],"wp:attachment":[{"href":"http:\/\/www.amap-brugeslebouscat.fr\/index.php?rest_route=%2Fwp%2Fv2%2Fmedia&parent=1042"}],"wp:term":[{"taxonomy":"category","embeddable":true,"href":"http:\/\/www.amap-brugeslebouscat.fr\/index.php?rest_route=%2Fwp%2Fv2%2Fcategories&post=1042"},{"taxonomy":"post_tag","embeddable":true,"href":"http:\/\/www.amap-brugeslebouscat.fr\/index.php?rest_route=%2Fwp%2Fv2%2Ftags&post=1042"}],"curies":[{"name":"wp","href":"https:\/\/api.w.org\/{rel}","templated":true}]}}