{"id":106,"date":"2009-06-18T18:04:19","date_gmt":"2009-06-18T16:04:19","guid":{"rendered":"http:\/\/www.amap-brugeslebouscat.fr\/?p=106"},"modified":"2009-06-18T18:04:19","modified_gmt":"2009-06-18T16:04:19","slug":"compte-rendu-de-lassemblee-generale","status":"publish","type":"post","link":"http:\/\/www.amap-brugeslebouscat.fr\/?p=106","title":{"rendered":"Compte rendu de l&rsquo;assembl\u00e9e g\u00e9n\u00e9rale"},"content":{"rendered":"<p>Lors de cette assembl\u00e9e nous avons fait un point pour chacun des contrats en cours :<\/p>\n<p><strong>L\u00e9gumes<\/strong><\/p>\n<p>Aurore et Philippe ont \u00e9t\u00e9 tr\u00e8s durement touch\u00e9s par l&rsquo;\u00e9pisode de gr\u00eale survenu le mois dernier.<br \/>\nPlus de 50% de la r\u00e9colte a \u00e9t\u00e9 perdue, les cultures ayant \u00e9t\u00e9 plant\u00e9e en plein champ.<br \/>\nDe ce fait les distributions ne peuvent plus \u00eatre assur\u00e9es de mani\u00e8re hebdomadaire et avec la m\u00eame diversit\u00e9 qu&rsquo;\u00e0 l&rsquo;accoutum\u00e9e.<br \/>\nIl a \u00e9t\u00e9 d\u00e9cid\u00e9 sur proposition d&rsquo;Aurore et apr\u00e8s accord unanime des personnes pr\u00e9sentes d&rsquo;adopter un syst\u00e8me de livraison tous les 15 jours avec les produits qui auront pu \u00eatre sauv\u00e9s, et ceci pour une dur\u00e9e d&rsquo;environ 1 mois et demi. Cette p\u00e9riode correspond au temps n\u00e9cessaire \u00e0 une reprise de la production sous serre. De ce fait les distributions seront prolong\u00e9es d&rsquo;un mois.<\/p>\n<p>Aurore nous fera passer prochainement un questionnaire de satisfaction qui lui permettra d&rsquo;adapter \u00e9ventuellement sa production en fonction de vos remarques.<\/p>\n<p>Pour l&rsquo;ann\u00e9e prochaine, 5 semaines de cong\u00e9s et donc sans distributions seront planifi\u00e9es.<\/p>\n<p><strong>Poisson<\/strong><\/p>\n<p>Ce contrat connait un r\u00e9el succ\u00e8s, au point qu&rsquo;une troisi\u00e8me date de distribution est envisag\u00e9e. Cependant\u00a0 de nouveaux contrats ne pourront \u00eatre accept\u00e9s qu&rsquo;\u00e0 la condition d&rsquo;avoir un coordinateur par groupe de distribution. Actuellement une seule personne s&rsquo;occupe des deux listes, ce qui repr\u00e9sente une charge de travail trop importante pour \u00eatre viable.<\/p>\n<p>Une ombre au tableau, le nombre de colis non r\u00e9cup\u00e9r\u00e9s est important et r\u00e9curent. Il est demand\u00e9 aux amapiens de prendre toutes les dispositions pour que ces colis ne soient pas perdus. Vous pouvez annoncer un emp\u00eachement par mail pour faire r\u00e9cup\u00e9rer ou c\u00e9der votre poisson, ou en dernier recours contacter votre coordinateur par t\u00e9l\u00e9phone qui t\u00e2chera de trouver une solution.<\/p>\n<p>Les distributions pour l&rsquo;ann\u00e9e prochaine commenceront en septembre.<\/p>\n<p><strong>Kiwis<\/strong><\/p>\n<p>Le contrat actuel nous permet d&rsquo;avoir des kiwis bios, sur une p\u00e9riode allant de Novembre \u00e0 Avril. Le producteur ne se d\u00e9pla\u00e7ant pas, il n&rsquo;est pas certain que le contrat soit renouvel\u00e9 l&rsquo;an prochain.<br \/>\nAurore se propose d&rsquo;intervenir aupr\u00e8s de M. LAVILLE pour envisager un contrat avec lui.<\/p>\n<p><strong>Fromage<\/strong><\/p>\n<p>Le produit donne enti\u00e8re satisfaction mais les signatures de contrat s&rsquo;\u00e9ternisent et un manque de discipline a \u00e9t\u00e9 constat\u00e9.<\/p>\n<p><strong>Pommes<\/strong><\/p>\n<p>Le fonctionnement est bon, quelques probl\u00e8mes sur les comptes qui ont \u00e9t\u00e9 r\u00e9gularis\u00e9s entre temps.<br \/>\nPour l&rsquo;ann\u00e9e prochaine, les quantit\u00e9s ne se feront plus \u00e0 la demande mais seront fix\u00e9es lors de la signature du contrat. Les livraisons se feront toutes les 3 semaines, sur 2 p\u00e9riodes, de Septembre \u00e0 D\u00e9cembre et de Janvier \u00e0 Avril.<br \/>\nLes modifications de contrat pourront se faire entre ces 2 p\u00e9riodes et le paiement pourra \u00eatre \u00e9tal\u00e9 en fournissant plusieurs ch\u00e8ques \u00e0 l&rsquo;avance comme pour les l\u00e9gumes ou le poisson.<\/p>\n<p><strong>\u0152ufs<\/strong><\/p>\n<p>Notre \u00e9leveur travaille uniquement pour des circuits AMAP. Il envisage de pouvoir fournir des poules d&rsquo;ici un an et demi ou deux.<\/p>\n<p><strong>Miel<\/strong><\/p>\n<p>14 personnes ont souscrit \u00e0 ce contrat. Du pain d&rsquo;\u00e9pices nous sera certainement propos\u00e9 \u00e0 l&rsquo;avenir.<\/p>\n<p>D&rsquo;une mani\u00e8re plus g\u00e9n\u00e9rale, un manque de discipline est constat\u00e9 pour l&rsquo;ensemble des contrats. Trop de paiements en retard, de contrats retourn\u00e9s hors d\u00e9lais, de paniers non r\u00e9cup\u00e9r\u00e9s.<br \/>\nIl est rappel\u00e9 \u00e0 tous que l&rsquo;AMAP implique un engagement de tous les acteurs concern\u00e9s. Les coordinateurs d\u00e9pensent beaucoup d&rsquo;\u00e9nergie pour que tout le monde soit satisfait et ont \u00e9t\u00e9 jusqu&rsquo;\u00e0 pr\u00e9sent tr\u00e8s arrangeants, mais le laisser aller constat\u00e9 risque de d\u00e9courager les vocations.<br \/>\nDes r\u00e8gles plus \u00ab\u00a0strictes\u00a0\u00bb seront mises en place l&rsquo;ann\u00e9e prochaine avec notamment une p\u00e9riode bien d\u00e9finie en septembre pour la signature des contrats avant les premi\u00e8res distributions.<\/p>\n<p>Dans un autre registre, un forum sera prochainement ouvert sur le site pour suppl\u00e9er le groupe Google actuel. Cette solution aura pour principal avantage de ne plus \u00ab\u00a0inonder\u00a0\u00bb vos boites mail et de pouvoir grouper les sujets par contrats.<br \/>\nUne communication sp\u00e9cifique vous sera adress\u00e9e lors de l&rsquo;ouverture du forum.<\/p>\n","protected":false},"excerpt":{"rendered":"<p>Lors de cette assembl\u00e9e nous avons fait un point pour chacun des contrats en cours : L\u00e9gumes Aurore et Philippe ont \u00e9t\u00e9 tr\u00e8s durement touch\u00e9s par l&rsquo;\u00e9pisode de gr\u00eale survenu le mois dernier. Plus de 50% de la r\u00e9colte a \u00e9t\u00e9 perdue, les cultures ayant \u00e9t\u00e9 plant\u00e9e en plein champ. De ce fait les distributions [&hellip;]<\/p>\n","protected":false},"author":2,"featured_media":0,"comment_status":"open","ping_status":"open","sticky":false,"template":"","format":"standard","meta":{"_monsterinsights_skip_tracking":false,"_monsterinsights_sitenote_active":false,"_monsterinsights_sitenote_note":"","_monsterinsights_sitenote_category":0,"footnotes":""},"categories":[7],"tags":[],"_links":{"self":[{"href":"http:\/\/www.amap-brugeslebouscat.fr\/index.php?rest_route=\/wp\/v2\/posts\/106"}],"collection":[{"href":"http:\/\/www.amap-brugeslebouscat.fr\/index.php?rest_route=\/wp\/v2\/posts"}],"about":[{"href":"http:\/\/www.amap-brugeslebouscat.fr\/index.php?rest_route=\/wp\/v2\/types\/post"}],"author":[{"embeddable":true,"href":"http:\/\/www.amap-brugeslebouscat.fr\/index.php?rest_route=\/wp\/v2\/users\/2"}],"replies":[{"embeddable":true,"href":"http:\/\/www.amap-brugeslebouscat.fr\/index.php?rest_route=%2Fwp%2Fv2%2Fcomments&post=106"}],"version-history":[{"count":4,"href":"http:\/\/www.amap-brugeslebouscat.fr\/index.php?rest_route=\/wp\/v2\/posts\/106\/revisions"}],"predecessor-version":[{"id":110,"href":"http:\/\/www.amap-brugeslebouscat.fr\/index.php?rest_route=\/wp\/v2\/posts\/106\/revisions\/110"}],"wp:attachment":[{"href":"http:\/\/www.amap-brugeslebouscat.fr\/index.php?rest_route=%2Fwp%2Fv2%2Fmedia&parent=106"}],"wp:term":[{"taxonomy":"category","embeddable":true,"href":"http:\/\/www.amap-brugeslebouscat.fr\/index.php?rest_route=%2Fwp%2Fv2%2Fcategories&post=106"},{"taxonomy":"post_tag","embeddable":true,"href":"http:\/\/www.amap-brugeslebouscat.fr\/index.php?rest_route=%2Fwp%2Fv2%2Ftags&post=106"}],"curies":[{"name":"wp","href":"https:\/\/api.w.org\/{rel}","templated":true}]}}