{"id":111,"date":"2009-09-30T21:27:32","date_gmt":"2009-09-30T19:27:32","guid":{"rendered":"http:\/\/www.amap-brugeslebouscat.fr\/?p=111"},"modified":"2010-01-24T10:12:46","modified_gmt":"2010-01-24T09:12:46","slug":"les-contrats-de-lamap-de-la-terre-lassiette-saison-2","status":"publish","type":"post","link":"http:\/\/www.amap-brugeslebouscat.fr\/?p=111","title":{"rendered":"Les contrats de l&rsquo;AMAP &laquo; de la terre &agrave; l&rsquo;assiette &raquo; &#8211; Saison 2"},"content":{"rendered":"<p>L\u2019AMAP \u00ab de la terre \u00e0 l\u2019assiette \u00bb existe depuis le mois de septembre 2008 et est en relation avec diff\u00e9rents producteurs : mara\u00eecher, \u00e9leveurs de ch\u00e8vres, apiculteur, p\u00eacheur, producteur de pommes\u2026<\/p>\n<p><em><strong>Le<\/strong><\/em><strong> <\/strong><em><strong>principe de fonctionnement est d\u00e9fini par la charte des AMAP. Il<\/strong><\/em><strong> s\u2019agit <\/strong><em><span style=\"text-decoration: underline;\"><strong>d\u2019un mode de consommation solidaire et participatif.<\/strong><\/span><\/em><strong> <\/strong><\/p>\n<p>Les places sont r\u00e9serv\u00e9es en priorit\u00e9 aux personnes habitant au plus pr\u00e8s de l\u2019AMAP mais une inscription reste possible en fonction des places restantes. En effet la proximit\u00e9 permet \u00e0 chacun de participer et de s\u2019engager plus facilement au sein de l\u2019AMAP et cr\u00e9e du lien entre les habitants d\u2019un m\u00eame territoire.<\/p>\n<p>Les distributions de paniers et autres colis ont lieu <em><span style=\"text-decoration: underline;\"><strong>tous les lundis entre 18h30 et 19h30<\/strong><\/span><\/em> salle n\u00b0 7 maison des associations de Bruges (\u00e0 proximit\u00e9 de l\u2019\u00e9glise)<\/p>\n<p>&#8211; mara\u00eecher toutes les semaines (panier \u00e0 10 \u20ac ou 1\/2 panier \u00e0 6 \u20ac)<\/p>\n<p>&#8211; poissons 1x par mois colis de 3kg 30 \u20ac<br \/>\n&#8211; fromage de ch\u00e8vre tous les 15 jours (7 \u20ac par panier)<br \/>\n&#8211; pommes et jus de pommes toutes les 3 semaines (6,40 \u20ac les 4 kg,\/ 20 \u20ac les 13 kg de pommes, 2,30 \u20ac le litre de jus de pommes)<br \/>\n&#8211; miel tous les 2 mois<br \/>\n&#8211; \u0153ufs toutes les semaines (2,40 \u20ac les 6)<\/p>\n<p>Le r\u00e8glement se fait \u00e0 la signature des contrats pour toute la p\u00e9riode de distribution.<\/p>\n<p><span style=\"text-decoration: underline;\"><strong>Vous trouverez ci-apr\u00e8s la liste des producteurs et des coordinateurs \u00e0 contacter :<\/strong><\/span><\/p>\n<p><span style=\"text-decoration: underline;\"><strong><\/strong><\/span><\/p>\n<p><!--more--><\/p>\n<p><span style=\"text-decoration: underline;\"><strong>Maraicher<\/strong><\/span><strong> <\/strong><\/p>\n<p><em><span style=\"text-decoration: underline;\">Producteur :<\/span> <\/em>Aurore Sournac, maraich\u00e8re \u00e0 Eysines<\/p>\n<p><span style=\"text-decoration: underline;\"><a href=\"mailto:philippe.sournac@aliceadsl.fr\">philippe.sournac@aliceadsl.fr<\/a><\/span> \/ 06 67 83 84 84<\/p>\n<p><em><span style=\"text-decoration: underline;\">Coordinateurs :<\/span><\/em><\/p>\n<p>S\u00e9verine Laurissergues \u2013 <span style=\"text-decoration: underline;\"><a href=\"mailto:selaur@orange.fr\">selaur@orange.fr<\/a><\/span> \u2013 06 82 03 49 12<\/p>\n<p>Anne-C\u00e9line Rochard \u2013 <span style=\"text-decoration: underline;\"><a href=\"mailto:acrochard@gmail.com\">acrochard@gmail.com<\/a><\/span> &#8211;<\/p>\n<p><span style=\"text-decoration: underline;\"><strong>Fromage de ch\u00e8vre<\/strong><\/span><\/p>\n<p><em><span style=\"text-decoration: underline;\">Eleveur\/Producteur :<\/span> <\/em>Marl\u00e8ne Serrano<\/p>\n<p><em><span style=\"text-decoration: underline;\">Coordinateurs :<\/span><\/em><\/p>\n<p>Christine DIGNEAU &#8211; <span style=\"text-decoration: underline;\"><a href=\"mailto:chris.digneau@club-internet.fr\">chris.digneau@club-internet.fr<\/a><\/span><\/p>\n<p>Anne-Marie Sere-Couteigt &#8211; <span style=\"text-decoration: underline;\"><a href=\"mailto:serecouteigt@yahoo.fr\">serecouteigt@yahoo.fr<\/a><\/span><\/p>\n<p><span style=\"text-decoration: underline;\"><strong>Miel<\/strong><\/span><strong> <\/strong><\/p>\n<p><em><span style=\"text-decoration: underline;\">Apiculteur :<\/span> <\/em>Laurent DIGNEAU<\/p>\n<p><em><span style=\"text-decoration: underline;\">Coordinateurs :<\/span><\/em><\/p>\n<p>Christine DIGNEAU &#8211; <span style=\"text-decoration: underline;\"><a href=\"mailto:chris.digneau@club-internet.fr\">chris.digneau@club-internet.fr<\/a><\/span><\/p>\n<p>Thomas Modori \u2013 <span style=\"text-decoration: underline;\"><a href=\"mailto:tmodori@hotmail.fr\">tmodori@hotmail.fr<\/a><\/span><\/p>\n<p><span style=\"text-decoration: underline;\"><strong>Poissons<\/strong><\/span><\/p>\n<p><em><span style=\"text-decoration: underline;\">P\u00eacheur :<\/span> <\/em>Nicolas Brin, p\u00eacheur \u00e0 Arcachon<\/p>\n<p><em><span style=\"text-decoration: underline;\">Coordinateurs :<\/span><\/em><\/p>\n<p>S\u00e9verine LAURISSERGUES &#8211; <span style=\"text-decoration: underline;\"><a href=\"mailto:selaur@orange.fr\">selaur@orange.fr<\/a><\/span><\/p>\n<p><span style=\"text-decoration: underline;\"><strong>Pommes<\/strong><\/span><strong> <\/strong><\/p>\n<p><em><span style=\"text-decoration: underline;\">Producteur :<\/span> <\/em>Mme BOUGES<\/p>\n<p><em><span style=\"text-decoration: underline;\">Coordinateurs :<\/span><\/em><\/p>\n<p>Alain Deschamps (pommes) \u2013 <span style=\"text-decoration: underline;\"><a href=\"mailto:adechamps@free.fr\">adechamps@free.fr<\/a><\/span> \u2013 06 16 27 17 10<\/p>\n<p>Marianne Sourgens (jus de pomme) \u2013 <span style=\"text-decoration: underline;\"><a href=\"mailto:marianne.sourgens@free.fr\">marianne.sourgens@free.fr<\/a><\/span><\/p>\n<p><span style=\"text-decoration: underline;\"><strong>\u0152uf<\/strong><\/span><strong> <\/strong><\/p>\n<p><em><span style=\"text-decoration: underline;\">Producteur :<\/span> <\/em>Mme et Mr Eyquard, producteur \u00e0 Ste H\u00e9l\u00e8ne<\/p>\n<p><span style=\"text-decoration: underline;\"><a href=\"mailto:Dominique.eyquard@orange.fr\">Dominique.eyquard@orange.fr<\/a><\/span> \/ 06 83 03 66 14<\/p>\n<p><em><span style=\"text-decoration: underline;\">Coordinateurs :<\/span><\/em><\/p>\n<p>Sarah Raymond &#8211; <span style=\"text-decoration: underline;\"><a href=\"mailto:sraymond@adefim.com\">sraymond@adefim.com<\/a><\/span> &#8211; 06 73 10 39 85<\/p>\n<p>Gr\u00e9gory Stoll &#8211; <span style=\"text-decoration: underline;\"><a href=\"mailto:gsurf@hotmail.fr\">gsurf@hotmail.fr<\/a><\/span> &#8211; 06 60 12 76 46<\/p>\n<p><span style=\"text-decoration: underline;\"><strong>Agneau<\/strong><\/span><strong> <\/strong><\/p>\n<p><em><span style=\"text-decoration: underline;\">Producteur\/\u00e9leveur :<\/span> <\/em>Pascal et Dominique SANCIER<\/p>\n<p><em><span style=\"text-decoration: underline;\">Coordinateurs :<\/span><\/em><\/p>\n<p>Aurore Sournac &#8211; <span style=\"text-decoration: underline;\"><a href=\"mailto:philippe.sournac@aliceadsl.fr\">philippe.sournac@aliceadsl.fr<\/a><\/span> &#8211; 06 67 83 84 84<\/p>\n<p>Fran\u00e7oise Rivoal &#8211; <!-- e --><a href=\"mailto:rivoal.f@orange.fr\">rivoal.f@orange.fr<\/a><!-- e --> &#8211; 05 56 39 51 52 ou 06 71 34 95 21<\/p>\n<p>(Contrat en pr\u00e9paration)<\/p>\n<p><span style=\"text-decoration: underline;\"><strong><\/strong><\/span><\/p>\n<p><span style=\"text-decoration: underline;\"><strong>En attente de bonnes volont\u00e9s : <\/strong><\/span><\/p>\n<p>Hu\u00eetres \u2013 en partenariat avec Blanquefort<\/p>\n<p>Volailles<\/p>\n<p>Vin, raisins bio<\/p>\n<p>Et pourquoi pas r\u00e9fl\u00e9chir \u00e0 des contrats tr\u00e8s saisonniers comme l\u2019asperge du Blayais, les artichauts de Macau\u2026<\/p>\n","protected":false},"excerpt":{"rendered":"<p>L\u2019AMAP \u00ab de la terre \u00e0 l\u2019assiette \u00bb existe depuis le mois de septembre 2008 et est en relation avec diff\u00e9rents producteurs : mara\u00eecher, \u00e9leveurs de ch\u00e8vres, apiculteur, p\u00eacheur, producteur de pommes\u2026 Le principe de fonctionnement est d\u00e9fini par la charte des AMAP. Il s\u2019agit d\u2019un mode de consommation solidaire et participatif. Les places sont [&hellip;]<\/p>\n","protected":false},"author":2,"featured_media":0,"comment_status":"open","ping_status":"open","sticky":false,"template":"","format":"standard","meta":{"_monsterinsights_skip_tracking":false,"_monsterinsights_sitenote_active":false,"_monsterinsights_sitenote_note":"","_monsterinsights_sitenote_category":0,"footnotes":""},"categories":[7],"tags":[],"_links":{"self":[{"href":"http:\/\/www.amap-brugeslebouscat.fr\/index.php?rest_route=\/wp\/v2\/posts\/111"}],"collection":[{"href":"http:\/\/www.amap-brugeslebouscat.fr\/index.php?rest_route=\/wp\/v2\/posts"}],"about":[{"href":"http:\/\/www.amap-brugeslebouscat.fr\/index.php?rest_route=\/wp\/v2\/types\/post"}],"author":[{"embeddable":true,"href":"http:\/\/www.amap-brugeslebouscat.fr\/index.php?rest_route=\/wp\/v2\/users\/2"}],"replies":[{"embeddable":true,"href":"http:\/\/www.amap-brugeslebouscat.fr\/index.php?rest_route=%2Fwp%2Fv2%2Fcomments&post=111"}],"version-history":[{"count":2,"href":"http:\/\/www.amap-brugeslebouscat.fr\/index.php?rest_route=\/wp\/v2\/posts\/111\/revisions"}],"predecessor-version":[{"id":115,"href":"http:\/\/www.amap-brugeslebouscat.fr\/index.php?rest_route=\/wp\/v2\/posts\/111\/revisions\/115"}],"wp:attachment":[{"href":"http:\/\/www.amap-brugeslebouscat.fr\/index.php?rest_route=%2Fwp%2Fv2%2Fmedia&parent=111"}],"wp:term":[{"taxonomy":"category","embeddable":true,"href":"http:\/\/www.amap-brugeslebouscat.fr\/index.php?rest_route=%2Fwp%2Fv2%2Fcategories&post=111"},{"taxonomy":"post_tag","embeddable":true,"href":"http:\/\/www.amap-brugeslebouscat.fr\/index.php?rest_route=%2Fwp%2Fv2%2Ftags&post=111"}],"curies":[{"name":"wp","href":"https:\/\/api.w.org\/{rel}","templated":true}]}}