{"id":148,"date":"2011-04-21T17:16:17","date_gmt":"2011-04-21T16:16:17","guid":{"rendered":"http:\/\/www.amap-brugeslebouscat.fr\/?p=148"},"modified":"2011-04-21T17:23:16","modified_gmt":"2011-04-21T16:23:16","slug":"journee-accueil-chez-lapiculteur","status":"publish","type":"post","link":"http:\/\/www.amap-brugeslebouscat.fr\/?p=148","title":{"rendered":"Journ\u00e9e accueil chez l&rsquo;apiculteur"},"content":{"rendered":"<div>Une invitation de Christine Digneau :<\/div>\n<p><\/p>\n<div>Nous vous invitons \u00e0 venir voir notre rucher et notre miellerie \u00e0 Hourtin, le samedi 14 mai prochain. Au programme, nous vous accueillerons autour d&rsquo;un caf\u00e9 vers 10 h 30. Puis, nous irons voir les ruches, derri\u00e8re la Ferme. L&rsquo;apiculteur vous expliquera tout en d\u00e9tail.<br \/>\nPuis nous vous offrirons l&rsquo;ap\u00e9ritif. Ensuite, nous partagerons le pique nique que vous aurez apport\u00e9.<br \/>\nL&rsquo;apr\u00e8s-midi est laiss\u00e9 libre. Si certains veulent rester sur la propri\u00e9t\u00e9, il y a beaucoup d&rsquo;espace et des animaux. D&rsquo;autres voudront peut-\u00eatre aller au Lac ou \u00e0 l&rsquo;Oc\u00e9an.<br \/>\nMerci de confirmer votre pr\u00e9sence et pr\u00e9ciser le nombre de personnes afin que je pr\u00e9voie les chaises et tables.<br \/>\nNous esp\u00e9rons vous voir nombreux.<br \/>\nVoici nos portables au cas o\u00f9 vous auriez des questions :<br \/>\nLaurent : 06.85.71.46.05<br \/>\nChristine : 06.70.94.41.46.<br \/>\nNous restons \u00e0 votre disposition pour tout renseignement compl\u00e9mentaire.<br \/>\nA tr\u00e8s bient\u00f4t.<br \/>\nChristine et Laurent<\/div>\n<p><br clear=all><br \/>\nCi-joint le plan d&rsquo;acc\u00e8s : <a href='http:\/\/www.amap-brugeslebouscat.fr\/wp-content\/uploads\/2011\/04\/plan-hourtinc2a0compresse.pdf'>Plan_Hourtin<\/a><br \/>\n<br clear=all><\/p>\n","protected":false},"excerpt":{"rendered":"<p>Une invitation de Christine Digneau : Nous vous invitons \u00e0 venir voir notre rucher et notre miellerie \u00e0 Hourtin, le samedi 14 mai prochain. Au programme, nous vous accueillerons autour d&rsquo;un caf\u00e9 vers 10 h 30. Puis, nous irons voir les ruches, derri\u00e8re la Ferme. L&rsquo;apiculteur vous expliquera tout en d\u00e9tail. Puis nous vous offrirons [&hellip;]<\/p>\n","protected":false},"author":2,"featured_media":0,"comment_status":"open","ping_status":"open","sticky":false,"template":"","format":"standard","meta":{"_monsterinsights_skip_tracking":false,"_monsterinsights_sitenote_active":false,"_monsterinsights_sitenote_note":"","_monsterinsights_sitenote_category":0,"footnotes":""},"categories":[7,5],"tags":[],"_links":{"self":[{"href":"http:\/\/www.amap-brugeslebouscat.fr\/index.php?rest_route=\/wp\/v2\/posts\/148"}],"collection":[{"href":"http:\/\/www.amap-brugeslebouscat.fr\/index.php?rest_route=\/wp\/v2\/posts"}],"about":[{"href":"http:\/\/www.amap-brugeslebouscat.fr\/index.php?rest_route=\/wp\/v2\/types\/post"}],"author":[{"embeddable":true,"href":"http:\/\/www.amap-brugeslebouscat.fr\/index.php?rest_route=\/wp\/v2\/users\/2"}],"replies":[{"embeddable":true,"href":"http:\/\/www.amap-brugeslebouscat.fr\/index.php?rest_route=%2Fwp%2Fv2%2Fcomments&post=148"}],"version-history":[{"count":9,"href":"http:\/\/www.amap-brugeslebouscat.fr\/index.php?rest_route=\/wp\/v2\/posts\/148\/revisions"}],"predecessor-version":[{"id":158,"href":"http:\/\/www.amap-brugeslebouscat.fr\/index.php?rest_route=\/wp\/v2\/posts\/148\/revisions\/158"}],"wp:attachment":[{"href":"http:\/\/www.amap-brugeslebouscat.fr\/index.php?rest_route=%2Fwp%2Fv2%2Fmedia&parent=148"}],"wp:term":[{"taxonomy":"category","embeddable":true,"href":"http:\/\/www.amap-brugeslebouscat.fr\/index.php?rest_route=%2Fwp%2Fv2%2Fcategories&post=148"},{"taxonomy":"post_tag","embeddable":true,"href":"http:\/\/www.amap-brugeslebouscat.fr\/index.php?rest_route=%2Fwp%2Fv2%2Ftags&post=148"}],"curies":[{"name":"wp","href":"https:\/\/api.w.org\/{rel}","templated":true}]}}