{"id":160,"date":"2011-05-29T18:49:12","date_gmt":"2011-05-29T17:49:12","guid":{"rendered":"http:\/\/www.amap-brugeslebouscat.fr\/?p=160"},"modified":"2011-05-29T18:49:12","modified_gmt":"2011-05-29T17:49:12","slug":"nouvelles-du-jardin-de-quentin-mai-2011","status":"publish","type":"post","link":"http:\/\/www.amap-brugeslebouscat.fr\/?p=160","title":{"rendered":"Nouvelles du jardin de Quentin &ndash; Mai 2011"},"content":{"rendered":"<p>Dans la serre, la chaleur excessive d&rsquo;avril a fait s\u00e9cher radis et blettes, les derniers restes de l&rsquo;hiver. Les maraichers en ont profit\u00e9 pour tout nettoyer afin de proc\u00e9der aux plantations des solanac\u00e9es (tomates, poivrons, piments, aubergines) et des concombres qui \u00e9gayeront nos paniers cet \u00e9t\u00e9.<\/p>\n<p>En plein champ, plusieurs lots de pommes de terre, de choux, carottes, \u00e9pinards, courgettes, salades, poireaux, oignons ont \u00e9t\u00e9 plant\u00e9s.<\/p>\n<p>Les f\u00e8ves arrivent \u00e0 maturit\u00e9, les premi\u00e8res pommes de terre fleurissent (a\u00efe a\u00efe les doryphores ! Le traitement \u00e0 base de bact\u00e9ries en viendra-t-il \u00e0 bout ?). Les salades sont magnifiques.<\/p>\n<p><a href=\"http:\/\/www.amap-brugeslebouscat.fr\/fichiers\/Nouvelles-du-jardin-de-QuentinMai-2011_10716\/image.png\"><img loading=\"lazy\" decoding=\"async\" style=\"background-image: none; border-right-width: 0px; padding-left: 0px; padding-right: 0px; display: block; float: none; border-top-width: 0px; border-bottom-width: 0px; margin-left: auto; border-left-width: 0px; margin-right: auto; padding-top: 0px\" title=\"image\" border=\"0\" alt=\"image\" src=\"http:\/\/www.amap-brugeslebouscat.fr\/fichiers\/Nouvelles-du-jardin-de-QuentinMai-2011_10716\/image_thumb.png\" width=\"244\" height=\"184\" \/><\/a><\/p>\n<p>&#160;<\/p>\n<p><!--more--><\/p>\n<p>Les premiers \u00e9pinards seront finis dans nos paniers d\u00e9but mai et il faudra attendre pour les suivants.La pr\u00e9sence de larves de coccinelles, mangeuses de pucerons est une preuve, s&rsquo;il en faut, de l&rsquo;absence de produits chimiques.<\/p>\n<p><a href=\"http:\/\/www.amap-brugeslebouscat.fr\/fichiers\/Nouvelles-du-jardin-de-QuentinMai-2011_10716\/image_3.png\"><img loading=\"lazy\" decoding=\"async\" style=\"background-image: none; border-right-width: 0px; padding-left: 0px; padding-right: 0px; display: block; float: none; border-top-width: 0px; border-bottom-width: 0px; margin-left: auto; border-left-width: 0px; margin-right: auto; padding-top: 0px\" title=\"image\" border=\"0\" alt=\"image\" src=\"http:\/\/www.amap-brugeslebouscat.fr\/fichiers\/Nouvelles-du-jardin-de-QuentinMai-2011_10716\/image_thumb_3.png\" width=\"244\" height=\"184\" \/><\/a><\/p>\n<p>Les courgettes sont prometteuses.<\/p>\n<p>Les carottes, et les choux avancent. Mais ils sont g\u00ean\u00e9s par la chaleur inhabituelle de ce printemps. Au printemps, on plante des vari\u00e9t\u00e9s de printemps !.. C&rsquo;est-\u00e0-dire des vari\u00e9t\u00e9s qui ne craignent pas le froid et l&rsquo;humidit\u00e9, de l\u00e0 \u00e0 appr\u00e9cier la chaleur et le sec ??&#8230;Ils croissent mais lentement.<\/p>\n<p>CAROTTES :<\/p>\n<p><a href=\"http:\/\/www.amap-brugeslebouscat.fr\/fichiers\/Nouvelles-du-jardin-de-QuentinMai-2011_10716\/image_4.png\"><img loading=\"lazy\" decoding=\"async\" style=\"background-image: none; border-right-width: 0px; padding-left: 0px; padding-right: 0px; display: block; float: none; border-top-width: 0px; border-bottom-width: 0px; margin-left: auto; border-left-width: 0px; margin-right: auto; padding-top: 0px\" title=\"image\" border=\"0\" alt=\"image\" src=\"http:\/\/www.amap-brugeslebouscat.fr\/fichiers\/Nouvelles-du-jardin-de-QuentinMai-2011_10716\/image_thumb_4.png\" width=\"244\" height=\"184\" \/><\/a><\/p>\n<p align=\"center\">De belles fanes bien tendres <\/p>\n<p align=\"center\"><a href=\"http:\/\/www.amap-brugeslebouscat.fr\/fichiers\/Nouvelles-du-jardin-de-QuentinMai-2011_10716\/image_5.png\"><img loading=\"lazy\" decoding=\"async\" style=\"background-image: none; border-right-width: 0px; margin: 0px; padding-left: 0px; padding-right: 0px; display: inline; border-top-width: 0px; border-bottom-width: 0px; border-left-width: 0px; padding-top: 0px\" title=\"image\" border=\"0\" alt=\"image\" src=\"http:\/\/www.amap-brugeslebouscat.fr\/fichiers\/Nouvelles-du-jardin-de-QuentinMai-2011_10716\/image_thumb_5.png\" width=\"244\" height=\"184\" \/><\/a><\/p>\n<p align=\"center\">et un beau d\u00e9but de racine&#8230;<\/p>\n<p>CHOUX :<\/p>\n<p><a href=\"http:\/\/www.amap-brugeslebouscat.fr\/fichiers\/Nouvelles-du-jardin-de-QuentinMai-2011_10716\/image_6.png\"><img loading=\"lazy\" decoding=\"async\" style=\"background-image: none; border-right-width: 0px; padding-left: 0px; padding-right: 0px; display: block; float: none; border-top-width: 0px; border-bottom-width: 0px; margin-left: auto; border-left-width: 0px; margin-right: auto; padding-top: 0px\" title=\"image\" border=\"0\" alt=\"image\" src=\"http:\/\/www.amap-brugeslebouscat.fr\/fichiers\/Nouvelles-du-jardin-de-QuentinMai-2011_10716\/image_thumb_6.png\" width=\"244\" height=\"184\" \/><\/a><\/p>\n<p align=\"center\">En avril \u2026.<\/p>\n<p align=\"center\"><a href=\"http:\/\/www.amap-brugeslebouscat.fr\/fichiers\/Nouvelles-du-jardin-de-QuentinMai-2011_10716\/image_7.png\"><img loading=\"lazy\" decoding=\"async\" style=\"background-image: none; border-right-width: 0px; margin: 0px; padding-left: 0px; padding-right: 0px; display: inline; border-top-width: 0px; border-bottom-width: 0px; border-left-width: 0px; padding-top: 0px\" title=\"image\" border=\"0\" alt=\"image\" src=\"http:\/\/www.amap-brugeslebouscat.fr\/fichiers\/Nouvelles-du-jardin-de-QuentinMai-2011_10716\/image_thumb_7.png\" width=\"244\" height=\"184\" \/><\/a><\/p>\n<p align=\"center\">En mai (chou pointu)<\/p>\n<p>Il reste de l&rsquo;aillet et \u2026 des poireaux mais pr\u00eats \u00e0 fleurir, pourquoi ne pas essayer de manger les cannes, ces asperges du pauvre ?<\/p>\n<p><a href=\"http:\/\/www.amap-brugeslebouscat.fr\/fichiers\/Nouvelles-du-jardin-de-QuentinMai-2011_10716\/image_8.png\"><img loading=\"lazy\" decoding=\"async\" style=\"background-image: none; border-right-width: 0px; padding-left: 0px; padding-right: 0px; display: block; float: none; border-top-width: 0px; border-bottom-width: 0px; margin-left: auto; border-left-width: 0px; margin-right: auto; padding-top: 0px\" title=\"image\" border=\"0\" alt=\"image\" src=\"http:\/\/www.amap-brugeslebouscat.fr\/fichiers\/Nouvelles-du-jardin-de-QuentinMai-2011_10716\/image_thumb_8.png\" width=\"244\" height=\"184\" \/><\/a><\/p>\n<p>Les lapins sont toujours l\u00e0, mais affaiblis. Le furetier en a attrap\u00e9 4 seulement ; on pense qu&rsquo;avec les chaleurs ils sont sortis des terriers. Philippe a commenc\u00e9 \u00e0 mettre des grillages mais \u2026 Peut-\u00eatre qu&rsquo;Aurore organisera un chantier pour que les amapiens fabriquent des cloches grillag\u00e9es \u00e0 poser sur les jeunes plants (les tendres recherch\u00e9s par les lapins).<\/p>\n<p>Pour les plants, Aurore fait une partie de ses semis \u00e0 partir de graines conserv\u00e9es. C&rsquo;est tout un travail et ce n&rsquo;est pas sans risque. Elle ach\u00e8te donc l&rsquo;autre partie mais pour la qualit\u00e9 elle va sans doute changer de fournisseur.<\/p>\n<p>Mais vous l&rsquo;avez compris, la grande inqui\u00e9tude maintenant c&rsquo;est le temps, trop chaud et trop sec qui semble vouloir durer. Le niveau des r\u00e9serves d&rsquo;eau baisse tr\u00e8s vite. <\/p>\n<p><a href=\"http:\/\/www.amap-brugeslebouscat.fr\/fichiers\/Nouvelles-du-jardin-de-QuentinMai-2011_10716\/image_9.png\"><img loading=\"lazy\" decoding=\"async\" style=\"background-image: none; border-right-width: 0px; padding-left: 0px; padding-right: 0px; display: block; float: none; border-top-width: 0px; border-bottom-width: 0px; margin-left: auto; border-left-width: 0px; margin-right: auto; padding-top: 0px\" title=\"image\" border=\"0\" alt=\"image\" src=\"http:\/\/www.amap-brugeslebouscat.fr\/fichiers\/Nouvelles-du-jardin-de-QuentinMai-2011_10716\/image_thumb_9.png\" width=\"244\" height=\"184\" \/><\/a><\/p>\n<p align=\"center\">La r\u00e9serve d&rsquo;eau a baiss\u00e9 de 10 cm en une semaine<\/p>\n<p>Cette situation, si elle dure, peut m\u00eame aller jusqu&rsquo;\u00e0 compromettre nos paniers d&rsquo;hiver. En effet, on va bient\u00f4t planter toutes les cucurbitac\u00e9es (potiron, courge spaghetti&#8230;), panais&#8230;<\/p>\n<p>Merci \u00e0 tous les amapiens qui viennent apporter leur soutien.<\/p>\n<p>&#160;<\/p>\n<p>R\u00e9dig\u00e9 par H\u00e9l\u00e8ne Espigat coordinatrice d&rsquo;une autre AMAP en contrat avec Aurore et Philippe.<\/p>\n","protected":false},"excerpt":{"rendered":"<p>Dans la serre, la chaleur excessive d&rsquo;avril a fait s\u00e9cher radis et blettes, les derniers restes de l&rsquo;hiver. Les maraichers en ont profit\u00e9 pour tout nettoyer afin de proc\u00e9der aux plantations des solanac\u00e9es (tomates, poivrons, piments, aubergines) et des concombres qui \u00e9gayeront nos paniers cet \u00e9t\u00e9. En plein champ, plusieurs lots de pommes de terre, [&hellip;]<\/p>\n","protected":false},"author":2,"featured_media":0,"comment_status":"open","ping_status":"open","sticky":false,"template":"","format":"standard","meta":{"_monsterinsights_skip_tracking":false,"_monsterinsights_sitenote_active":false,"_monsterinsights_sitenote_note":"","_monsterinsights_sitenote_category":0,"footnotes":""},"categories":[7],"tags":[],"_links":{"self":[{"href":"http:\/\/www.amap-brugeslebouscat.fr\/index.php?rest_route=\/wp\/v2\/posts\/160"}],"collection":[{"href":"http:\/\/www.amap-brugeslebouscat.fr\/index.php?rest_route=\/wp\/v2\/posts"}],"about":[{"href":"http:\/\/www.amap-brugeslebouscat.fr\/index.php?rest_route=\/wp\/v2\/types\/post"}],"author":[{"embeddable":true,"href":"http:\/\/www.amap-brugeslebouscat.fr\/index.php?rest_route=\/wp\/v2\/users\/2"}],"replies":[{"embeddable":true,"href":"http:\/\/www.amap-brugeslebouscat.fr\/index.php?rest_route=%2Fwp%2Fv2%2Fcomments&post=160"}],"version-history":[{"count":0,"href":"http:\/\/www.amap-brugeslebouscat.fr\/index.php?rest_route=\/wp\/v2\/posts\/160\/revisions"}],"wp:attachment":[{"href":"http:\/\/www.amap-brugeslebouscat.fr\/index.php?rest_route=%2Fwp%2Fv2%2Fmedia&parent=160"}],"wp:term":[{"taxonomy":"category","embeddable":true,"href":"http:\/\/www.amap-brugeslebouscat.fr\/index.php?rest_route=%2Fwp%2Fv2%2Fcategories&post=160"},{"taxonomy":"post_tag","embeddable":true,"href":"http:\/\/www.amap-brugeslebouscat.fr\/index.php?rest_route=%2Fwp%2Fv2%2Ftags&post=160"}],"curies":[{"name":"wp","href":"https:\/\/api.w.org\/{rel}","templated":true}]}}