{"id":176,"date":"2013-05-29T15:49:02","date_gmt":"2013-05-29T14:49:02","guid":{"rendered":"http:\/\/www.amap-brugeslebouscat.fr\/?p=176"},"modified":"2013-05-30T15:36:37","modified_gmt":"2013-05-30T14:36:37","slug":"chteau-vieux-mougnac-offre-exceptionnelle","status":"publish","type":"post","link":"http:\/\/www.amap-brugeslebouscat.fr\/?p=176","title":{"rendered":"Ch&acirc;teau Vieux Mougnac &ndash; Offre exceptionnelle"},"content":{"rendered":"<p>Bonjour \u00e0 toutes et tous,<\/p>\n<p>J\u00e9r\u00e9mie vient d&rsquo;acqu\u00e9rir des terres pour s&rsquo;installer en tant que jeune agriculteur et pour cela, nous avons besoin de financer ce projet qui permettra \u00e0 Sylvie, notre maman, d&rsquo;organiser correctement sa succession, avoir une retraite descente et rendre l&rsquo;entreprise familiale p\u00e9renne.<\/p>\n<p>A cette occasion, nous avons un mill\u00e9sime sur lequel nous faisons une offre pour nous permettre de financer un peu de ce projet.<\/p>\n<p>Je vous propose de livrer les cartons lors d&rsquo;une distribution d\u00e9di\u00e9e le 1er Juillet 2013 et le plus simple pour les coordinateurs est de faire un circuit court (commande prise au pr\u00e9alable et remise des paiements avant le jour de distribution). L&rsquo;encaissement ayant lieu apr\u00e8s la distribution<\/p>\n<p>Nous comptons grandement sur la solidarit\u00e9 amapienne pour faire des commandes group\u00e9es avec vos voisins, coll\u00e8gues, connaissances, c&rsquo;est pour la bonne cause.<\/p>\n<p>Une d\u00e9gustation sera organis\u00e9e le lundi 3 Juin lors de la distribution (lieu et horaires habituels)<\/p>\n<p>A tr\u00e8s bient\u00f4t lors d&rsquo;une distribution<\/p>\n<p>Laetitia, J\u00e9r\u00e9mie et Sylvie<\/p>\n<p>&nbsp;<\/p>\n<p>L\u2019offre est consultable dans le <a href=\"http:\/\/www.amap-brugeslebouscat.fr\/wp-content\/uploads\/2013\/05\/Offre-2004.pdf\">pdf ci-joint<\/a><\/p>\n","protected":false},"excerpt":{"rendered":"<p>Bonjour \u00e0 toutes et tous, J\u00e9r\u00e9mie vient d&rsquo;acqu\u00e9rir des terres pour s&rsquo;installer en tant que jeune agriculteur et pour cela, nous avons besoin de financer ce projet qui permettra \u00e0 Sylvie, notre maman, d&rsquo;organiser correctement sa succession, avoir une retraite descente et rendre l&rsquo;entreprise familiale p\u00e9renne. A cette occasion, nous avons un mill\u00e9sime sur lequel [&hellip;]<\/p>\n","protected":false},"author":2,"featured_media":0,"comment_status":"open","ping_status":"open","sticky":false,"template":"","format":"standard","meta":{"_monsterinsights_skip_tracking":false,"_monsterinsights_sitenote_active":false,"_monsterinsights_sitenote_note":"","_monsterinsights_sitenote_category":0,"footnotes":""},"categories":[7],"tags":[],"_links":{"self":[{"href":"http:\/\/www.amap-brugeslebouscat.fr\/index.php?rest_route=\/wp\/v2\/posts\/176"}],"collection":[{"href":"http:\/\/www.amap-brugeslebouscat.fr\/index.php?rest_route=\/wp\/v2\/posts"}],"about":[{"href":"http:\/\/www.amap-brugeslebouscat.fr\/index.php?rest_route=\/wp\/v2\/types\/post"}],"author":[{"embeddable":true,"href":"http:\/\/www.amap-brugeslebouscat.fr\/index.php?rest_route=\/wp\/v2\/users\/2"}],"replies":[{"embeddable":true,"href":"http:\/\/www.amap-brugeslebouscat.fr\/index.php?rest_route=%2Fwp%2Fv2%2Fcomments&post=176"}],"version-history":[{"count":1,"href":"http:\/\/www.amap-brugeslebouscat.fr\/index.php?rest_route=\/wp\/v2\/posts\/176\/revisions"}],"predecessor-version":[{"id":182,"href":"http:\/\/www.amap-brugeslebouscat.fr\/index.php?rest_route=\/wp\/v2\/posts\/176\/revisions\/182"}],"wp:attachment":[{"href":"http:\/\/www.amap-brugeslebouscat.fr\/index.php?rest_route=%2Fwp%2Fv2%2Fmedia&parent=176"}],"wp:term":[{"taxonomy":"category","embeddable":true,"href":"http:\/\/www.amap-brugeslebouscat.fr\/index.php?rest_route=%2Fwp%2Fv2%2Fcategories&post=176"},{"taxonomy":"post_tag","embeddable":true,"href":"http:\/\/www.amap-brugeslebouscat.fr\/index.php?rest_route=%2Fwp%2Fv2%2Ftags&post=176"}],"curies":[{"name":"wp","href":"https:\/\/api.w.org\/{rel}","templated":true}]}}