{"id":194,"date":"2013-08-20T11:18:01","date_gmt":"2013-08-20T10:18:01","guid":{"rendered":"http:\/\/www.amap-brugeslebouscat.fr\/?p=194"},"modified":"2013-08-20T11:18:01","modified_gmt":"2013-08-20T10:18:01","slug":"changement-de-lieu-de-distribution","status":"publish","type":"post","link":"http:\/\/www.amap-brugeslebouscat.fr\/?p=194","title":{"rendered":"Changement de lieu de distribution"},"content":{"rendered":"<p>A compter du 2 septembre les distributions auront lieu \u00e0 la salle du Tasta \u00e0 Bruges, place des fusill\u00e9s.<\/p>\n<p>Les horaires de distribution restent les m\u00eames, de 18h30 \u00e0 19h30.<\/p>\n","protected":false},"excerpt":{"rendered":"<p>A compter du 2 septembre les distributions auront lieu \u00e0 la salle du Tasta \u00e0 Bruges, place des fusill\u00e9s. Les horaires de distribution restent les m\u00eames, de 18h30 \u00e0 19h30.<\/p>\n","protected":false},"author":2,"featured_media":0,"comment_status":"open","ping_status":"open","sticky":false,"template":"","format":"standard","meta":{"_monsterinsights_skip_tracking":false,"_monsterinsights_sitenote_active":false,"_monsterinsights_sitenote_note":"","_monsterinsights_sitenote_category":0,"footnotes":""},"categories":[7,6],"tags":[],"_links":{"self":[{"href":"http:\/\/www.amap-brugeslebouscat.fr\/index.php?rest_route=\/wp\/v2\/posts\/194"}],"collection":[{"href":"http:\/\/www.amap-brugeslebouscat.fr\/index.php?rest_route=\/wp\/v2\/posts"}],"about":[{"href":"http:\/\/www.amap-brugeslebouscat.fr\/index.php?rest_route=\/wp\/v2\/types\/post"}],"author":[{"embeddable":true,"href":"http:\/\/www.amap-brugeslebouscat.fr\/index.php?rest_route=\/wp\/v2\/users\/2"}],"replies":[{"embeddable":true,"href":"http:\/\/www.amap-brugeslebouscat.fr\/index.php?rest_route=%2Fwp%2Fv2%2Fcomments&post=194"}],"version-history":[{"count":2,"href":"http:\/\/www.amap-brugeslebouscat.fr\/index.php?rest_route=\/wp\/v2\/posts\/194\/revisions"}],"predecessor-version":[{"id":196,"href":"http:\/\/www.amap-brugeslebouscat.fr\/index.php?rest_route=\/wp\/v2\/posts\/194\/revisions\/196"}],"wp:attachment":[{"href":"http:\/\/www.amap-brugeslebouscat.fr\/index.php?rest_route=%2Fwp%2Fv2%2Fmedia&parent=194"}],"wp:term":[{"taxonomy":"category","embeddable":true,"href":"http:\/\/www.amap-brugeslebouscat.fr\/index.php?rest_route=%2Fwp%2Fv2%2Fcategories&post=194"},{"taxonomy":"post_tag","embeddable":true,"href":"http:\/\/www.amap-brugeslebouscat.fr\/index.php?rest_route=%2Fwp%2Fv2%2Ftags&post=194"}],"curies":[{"name":"wp","href":"https:\/\/api.w.org\/{rel}","templated":true}]}}