{"id":252,"date":"2014-05-07T19:22:24","date_gmt":"2014-05-07T18:22:24","guid":{"rendered":"http:\/\/www.amap-brugeslebouscat.fr\/?p=252"},"modified":"2014-05-07T19:22:24","modified_gmt":"2014-05-07T18:22:24","slug":"nouvelle-charte-des-amap","status":"publish","type":"post","link":"http:\/\/www.amap-brugeslebouscat.fr\/?p=252","title":{"rendered":"Nouvelle charte des AMAP"},"content":{"rendered":"<p>Cher-es amapien-nes, paysan-nes en AMAP, r\u00e9seaux d\u2019AMAP et partenaires,<\/p>\n<p>Nous avons le plaisir de vous annoncer que la nouvelle charte des AMAP a \u00e9t\u00e9 adopt\u00e9e \u00e0 l\u2019unanimit\u00e9 par l\u2019Assembl\u00e9e G\u00e9n\u00e9rale du MIRAMAP, le samedi 15 Mars 2014 \u00e0 Rib\u00e9court en Picardie!<br \/>\nLanc\u00e9 en juin 2012, le chantier participatif de r\u00e9\u00e9criture de la charte des AMAP a permis de red\u00e9finir ensemble les enjeux, valeurs, principes et r\u00e8gles qui concourent \u00e0 faire de l&rsquo;AMAP une alternative concr\u00e8te pour soutenir une agriculture vivante sur les territoires.<\/p>\n<p>A la suite d\u2019un processus de r\u00e9-\u00e9criture participative inter-r\u00e9gionale, qui a permis \u00e0 plusieurs centaines d&rsquo;AMAP de contribuer (paysans et amapiens), les Assises nationales pour la nouvelle charte (d\u00e9cembre 2013) ont conduit \u00e0 l&rsquo;\u00e9laboration d&rsquo;un texte clair, ouvert et politiquement tr\u00e8s solide.<br \/>\nLes notions de souverainet\u00e9 alimentaire, de co-producteurs, d&rsquo;\u00e9ducation populaire, d&rsquo;\u00e9valuation participative, de rupture avec l&rsquo;agro-chimie, de refus de l&rsquo;appropriation mercantile du vivant, de d\u00e9fense des semences paysannes, d&rsquo;invitation \u00e0 diss\u00e9miner \u00ab\u00a0l&rsquo;esprit AMAP\u00a0\u00bb, &#8230;, marquent une prise en compte remarquable des \u00e9volutions soci\u00e9tales intervenues depuis l\u2019\u00e9criture de la charte de 2003. Tout en restant fid\u00e8le \u00e0 l&rsquo;orientation donn\u00e9e par la premi\u00e8re charte des AMAP, cette nouvelle charte nous offre un horizon tr\u00e8s enthousiasmant pour continuer \u00e0 faire vivre et \u00e0 d\u00e9velopper cette belle alternative.<\/p>\n<p>Conform\u00e9ment aux engagements pris lors des Assises et afin de respecter le processus de construction collectif, la nouvelle charte des AMAP a \u00e9t\u00e9 propos\u00e9e pour validation formelle \u00e0 l\u2019Assembl\u00e9e G\u00e9n\u00e9rale du MIRAMAP (suite \u00e0 un travail d\u2019am\u00e9lioration, de mise en page et sans modification de fond, en janvier et f\u00e9vrier 2014.<br \/>\nSuite \u00e0 cette validation, la nouvelle Charte des AMAP entre donc en vigueur et nous invitons tous les acteurs locaux des AMAP \u00e0 se l&rsquo;approprier ! Le concept d&rsquo;AMAP appartient \u00e0 toutes celles et tous ceux qui \u0153uvrent localement dans le sens de la charte des AMAP, sans exclusive : l&rsquo;AMAP est un bien commun que nous voulons continuer \u00e0 faire vivre dans un esprit de co-responsabilit\u00e9 et d&rsquo;ouverture.<br \/>\nCette nouvelle charte est aussi un message d&rsquo;espoir pour l&rsquo;avenir du mouvement : les AMAP, apr\u00e8s plus de 10 ans d&rsquo;alternatives, ont gard\u00e9 toute leur vitalit\u00e9 et ne cesse d&rsquo;innover pour la transformation sociale et \u00e9cologique de l&rsquo;agriculture et de notre rapport \u00e0 l&rsquo;alimentation.<\/p>\n<p>Nous vous invitons \u00e0 diffuser la nouvelle charte des AMAP tr\u00e8s largement : au sein des r\u00e9seaux, des AMAP, des partenaires et des institutions locales.<\/p>\n<p>A tr\u00e8s bient\u00f4t,<\/p>\n<p>Le collectif du MIRAMAP<\/p>\n<p>&nbsp;<\/p>\n<p>La charte :\u00a0<a href=\"http:\/\/www.amap-brugeslebouscat.fr\/wp-content\/uploads\/2014\/05\/Charte-des-AMAP-mars-2014.pdf\">Charte des AMAP mars 2014<\/a><\/p>\n<p>Le site du collectif MIRAMAP :\u00a0<a title=\"Miramap\" href=\"http:\/\/miramap.org\/\">http:\/\/miramap.org\/<\/a><\/p>\n","protected":false},"excerpt":{"rendered":"<p>Cher-es amapien-nes, paysan-nes en AMAP, r\u00e9seaux d\u2019AMAP et partenaires, Nous avons le plaisir de vous annoncer que la nouvelle charte des AMAP a \u00e9t\u00e9 adopt\u00e9e \u00e0 l\u2019unanimit\u00e9 par l\u2019Assembl\u00e9e G\u00e9n\u00e9rale du MIRAMAP, le samedi 15 Mars 2014 \u00e0 Rib\u00e9court en Picardie! Lanc\u00e9 en juin 2012, le chantier participatif de r\u00e9\u00e9criture de la charte des AMAP [&hellip;]<\/p>\n","protected":false},"author":2,"featured_media":0,"comment_status":"open","ping_status":"open","sticky":false,"template":"","format":"standard","meta":{"_monsterinsights_skip_tracking":false,"_monsterinsights_sitenote_active":false,"_monsterinsights_sitenote_note":"","_monsterinsights_sitenote_category":0,"footnotes":""},"categories":[7],"tags":[],"_links":{"self":[{"href":"http:\/\/www.amap-brugeslebouscat.fr\/index.php?rest_route=\/wp\/v2\/posts\/252"}],"collection":[{"href":"http:\/\/www.amap-brugeslebouscat.fr\/index.php?rest_route=\/wp\/v2\/posts"}],"about":[{"href":"http:\/\/www.amap-brugeslebouscat.fr\/index.php?rest_route=\/wp\/v2\/types\/post"}],"author":[{"embeddable":true,"href":"http:\/\/www.amap-brugeslebouscat.fr\/index.php?rest_route=\/wp\/v2\/users\/2"}],"replies":[{"embeddable":true,"href":"http:\/\/www.amap-brugeslebouscat.fr\/index.php?rest_route=%2Fwp%2Fv2%2Fcomments&post=252"}],"version-history":[{"count":3,"href":"http:\/\/www.amap-brugeslebouscat.fr\/index.php?rest_route=\/wp\/v2\/posts\/252\/revisions"}],"predecessor-version":[{"id":258,"href":"http:\/\/www.amap-brugeslebouscat.fr\/index.php?rest_route=\/wp\/v2\/posts\/252\/revisions\/258"}],"wp:attachment":[{"href":"http:\/\/www.amap-brugeslebouscat.fr\/index.php?rest_route=%2Fwp%2Fv2%2Fmedia&parent=252"}],"wp:term":[{"taxonomy":"category","embeddable":true,"href":"http:\/\/www.amap-brugeslebouscat.fr\/index.php?rest_route=%2Fwp%2Fv2%2Fcategories&post=252"},{"taxonomy":"post_tag","embeddable":true,"href":"http:\/\/www.amap-brugeslebouscat.fr\/index.php?rest_route=%2Fwp%2Fv2%2Ftags&post=252"}],"curies":[{"name":"wp","href":"https:\/\/api.w.org\/{rel}","templated":true}]}}