{"id":264,"date":"2014-06-25T13:35:34","date_gmt":"2014-06-25T12:35:34","guid":{"rendered":"http:\/\/www.amap-brugeslebouscat.fr\/?p=264"},"modified":"2014-06-25T13:35:34","modified_gmt":"2014-06-25T12:35:34","slug":"bruges-en-transistion","status":"publish","type":"post","link":"http:\/\/www.amap-brugeslebouscat.fr\/?p=264","title":{"rendered":"Bruges en transistion"},"content":{"rendered":"<p>Dans le cadre du village du d\u00e9veloppement durable\u00a0qui se d\u00e9roulera le dimanche\u00a029 juin, nous vous signalons la rencontre suivante :<\/p>\n<p>&nbsp;<\/p>\n<p>14h30 forum des associations : diffusion du film In Transition 2.0. (dernier film permettant un tour du monde des villes en transition) suivi d\u2019un d\u00e9bat<\/p>\n<p>&nbsp;<\/p>\n<p>16h00 forum des associations: animation par le collectif d\u2019un forum ouvert \u00ab Comment mettre en \u0153uvre la transition citoyenne \u00e0 Bruges ? \u00bb<\/p>\n<p>Rencontre avec des citoyens girondins et de la CUB faisant partie d\u2019un groupe de citoyens en transition.<\/p>\n<p>&nbsp;<\/p>\n<p>N&rsquo;h\u00e9sitez pas \u00e0 venir nous rencontrer et \u00e0 aller au village du d\u00e9veloppement durable toute la journ\u00e9e de\u00a0dimanche\u00a0\u00e0 Treulon<\/p>\n<p><strong><a href=\"http:\/\/www.gironde-en-transition.org\/\">http:\/\/www.gironde-en-transition.org\/<\/a><\/strong><\/p>\n<p>&nbsp;<\/p>\n","protected":false},"excerpt":{"rendered":"<p>Dans le cadre du village du d\u00e9veloppement durable\u00a0qui se d\u00e9roulera le dimanche\u00a029 juin, nous vous signalons la rencontre suivante : &nbsp; 14h30 forum des associations : diffusion du film In Transition 2.0. (dernier film permettant un tour du monde des villes en transition) suivi d\u2019un d\u00e9bat &nbsp; 16h00 forum des associations: animation par le collectif [&hellip;]<\/p>\n","protected":false},"author":2,"featured_media":0,"comment_status":"open","ping_status":"open","sticky":false,"template":"","format":"standard","meta":{"_monsterinsights_skip_tracking":false,"_monsterinsights_sitenote_active":false,"_monsterinsights_sitenote_note":"","_monsterinsights_sitenote_category":0,"footnotes":""},"categories":[5],"tags":[],"_links":{"self":[{"href":"http:\/\/www.amap-brugeslebouscat.fr\/index.php?rest_route=\/wp\/v2\/posts\/264"}],"collection":[{"href":"http:\/\/www.amap-brugeslebouscat.fr\/index.php?rest_route=\/wp\/v2\/posts"}],"about":[{"href":"http:\/\/www.amap-brugeslebouscat.fr\/index.php?rest_route=\/wp\/v2\/types\/post"}],"author":[{"embeddable":true,"href":"http:\/\/www.amap-brugeslebouscat.fr\/index.php?rest_route=\/wp\/v2\/users\/2"}],"replies":[{"embeddable":true,"href":"http:\/\/www.amap-brugeslebouscat.fr\/index.php?rest_route=%2Fwp%2Fv2%2Fcomments&post=264"}],"version-history":[{"count":3,"href":"http:\/\/www.amap-brugeslebouscat.fr\/index.php?rest_route=\/wp\/v2\/posts\/264\/revisions"}],"predecessor-version":[{"id":267,"href":"http:\/\/www.amap-brugeslebouscat.fr\/index.php?rest_route=\/wp\/v2\/posts\/264\/revisions\/267"}],"wp:attachment":[{"href":"http:\/\/www.amap-brugeslebouscat.fr\/index.php?rest_route=%2Fwp%2Fv2%2Fmedia&parent=264"}],"wp:term":[{"taxonomy":"category","embeddable":true,"href":"http:\/\/www.amap-brugeslebouscat.fr\/index.php?rest_route=%2Fwp%2Fv2%2Fcategories&post=264"},{"taxonomy":"post_tag","embeddable":true,"href":"http:\/\/www.amap-brugeslebouscat.fr\/index.php?rest_route=%2Fwp%2Fv2%2Ftags&post=264"}],"curies":[{"name":"wp","href":"https:\/\/api.w.org\/{rel}","templated":true}]}}