{"id":296,"date":"2016-09-21T15:01:51","date_gmt":"2016-09-21T14:01:51","guid":{"rendered":"http:\/\/www.amap-brugeslebouscat.fr\/?p=296"},"modified":"2016-09-21T15:01:51","modified_gmt":"2016-09-21T14:01:51","slug":"portes-ouvertes-amap","status":"publish","type":"post","link":"http:\/\/www.amap-brugeslebouscat.fr\/?p=296","title":{"rendered":"Portes ouvertes AMAP"},"content":{"rendered":"<p style=\"text-align: center;\"><strong>Samedi 24 Septembre 2016 de 11h \u00e0 14h<\/strong><\/p>\n<p style=\"text-align: center;\">Salle du Tasta &#8211; Place des fusill\u00e9s<br \/>\n33520 Bruges<\/p>\n<p>&nbsp;<\/p>\n<p>Pr\u00e9sentation des contrats<\/p>\n<p>Rencontre avec les producteurs et les coordinateurs<\/p>\n<p>D\u00e9gustation de produits<\/p>\n<p>Repas pris en commun \u00ab\u00a0Auberge Espagnole\u00a0\u00bb<\/p>\n","protected":false},"excerpt":{"rendered":"<p>Samedi 24 Septembre 2016 de 11h \u00e0 14h Salle du Tasta &#8211; Place des fusill\u00e9s 33520 Bruges &nbsp; Pr\u00e9sentation des contrats Rencontre avec les producteurs et les coordinateurs D\u00e9gustation de produits Repas pris en commun \u00ab\u00a0Auberge Espagnole\u00a0\u00bb<\/p>\n","protected":false},"author":2,"featured_media":0,"comment_status":"open","ping_status":"open","sticky":false,"template":"","format":"standard","meta":{"_monsterinsights_skip_tracking":false,"_monsterinsights_sitenote_active":false,"_monsterinsights_sitenote_note":"","_monsterinsights_sitenote_category":0,"footnotes":""},"categories":[7],"tags":[],"_links":{"self":[{"href":"http:\/\/www.amap-brugeslebouscat.fr\/index.php?rest_route=\/wp\/v2\/posts\/296"}],"collection":[{"href":"http:\/\/www.amap-brugeslebouscat.fr\/index.php?rest_route=\/wp\/v2\/posts"}],"about":[{"href":"http:\/\/www.amap-brugeslebouscat.fr\/index.php?rest_route=\/wp\/v2\/types\/post"}],"author":[{"embeddable":true,"href":"http:\/\/www.amap-brugeslebouscat.fr\/index.php?rest_route=\/wp\/v2\/users\/2"}],"replies":[{"embeddable":true,"href":"http:\/\/www.amap-brugeslebouscat.fr\/index.php?rest_route=%2Fwp%2Fv2%2Fcomments&post=296"}],"version-history":[{"count":2,"href":"http:\/\/www.amap-brugeslebouscat.fr\/index.php?rest_route=\/wp\/v2\/posts\/296\/revisions"}],"predecessor-version":[{"id":298,"href":"http:\/\/www.amap-brugeslebouscat.fr\/index.php?rest_route=\/wp\/v2\/posts\/296\/revisions\/298"}],"wp:attachment":[{"href":"http:\/\/www.amap-brugeslebouscat.fr\/index.php?rest_route=%2Fwp%2Fv2%2Fmedia&parent=296"}],"wp:term":[{"taxonomy":"category","embeddable":true,"href":"http:\/\/www.amap-brugeslebouscat.fr\/index.php?rest_route=%2Fwp%2Fv2%2Fcategories&post=296"},{"taxonomy":"post_tag","embeddable":true,"href":"http:\/\/www.amap-brugeslebouscat.fr\/index.php?rest_route=%2Fwp%2Fv2%2Ftags&post=296"}],"curies":[{"name":"wp","href":"https:\/\/api.w.org\/{rel}","templated":true}]}}