{"id":328,"date":"2017-01-21T09:13:42","date_gmt":"2017-01-21T08:13:42","guid":{"rendered":"http:\/\/www.amap-brugeslebouscat.fr\/?p=328"},"modified":"2017-01-21T09:13:42","modified_gmt":"2017-01-21T08:13:42","slug":"changement-de-lieu-de-distribution-2","status":"publish","type":"post","link":"http:\/\/www.amap-brugeslebouscat.fr\/?p=328","title":{"rendered":"Changement de lieu de distribution"},"content":{"rendered":"<h3>D\u00e8s lundi 23 janvier, les distributions de l\u2019AMAP Bruges-Le Bouscat se font \u00e0 nouveau salle du TASTA, place des Fusill\u00e9s \u00e0 Bruges.<\/h3>\n<p>&nbsp;<\/p>\n<p><a href=\"http:\/\/www.amap-brugeslebouscat.fr\/wp-content\/uploads\/2017\/01\/PlanDistribution.png\"><img loading=\"lazy\" decoding=\"async\" class=\"alignnone size-medium wp-image-329\" alt=\"PlanDistribution\" src=\"http:\/\/www.amap-brugeslebouscat.fr\/wp-content\/uploads\/2017\/01\/PlanDistribution-268x300.png\" width=\"268\" height=\"300\" srcset=\"http:\/\/www.amap-brugeslebouscat.fr\/wp-content\/uploads\/2017\/01\/PlanDistribution-268x300.png 268w, http:\/\/www.amap-brugeslebouscat.fr\/wp-content\/uploads\/2017\/01\/PlanDistribution.png 546w\" sizes=\"(max-width: 268px) 100vw, 268px\" \/><\/a><\/p>\n","protected":false},"excerpt":{"rendered":"<p>D\u00e8s lundi 23 janvier, les distributions de l\u2019AMAP Bruges-Le Bouscat se font \u00e0 nouveau salle du TASTA, place des Fusill\u00e9s \u00e0 Bruges. &nbsp;<\/p>\n","protected":false},"author":2,"featured_media":0,"comment_status":"open","ping_status":"open","sticky":false,"template":"","format":"standard","meta":{"_monsterinsights_skip_tracking":false,"_monsterinsights_sitenote_active":false,"_monsterinsights_sitenote_note":"","_monsterinsights_sitenote_category":0,"footnotes":""},"categories":[7,6],"tags":[],"_links":{"self":[{"href":"http:\/\/www.amap-brugeslebouscat.fr\/index.php?rest_route=\/wp\/v2\/posts\/328"}],"collection":[{"href":"http:\/\/www.amap-brugeslebouscat.fr\/index.php?rest_route=\/wp\/v2\/posts"}],"about":[{"href":"http:\/\/www.amap-brugeslebouscat.fr\/index.php?rest_route=\/wp\/v2\/types\/post"}],"author":[{"embeddable":true,"href":"http:\/\/www.amap-brugeslebouscat.fr\/index.php?rest_route=\/wp\/v2\/users\/2"}],"replies":[{"embeddable":true,"href":"http:\/\/www.amap-brugeslebouscat.fr\/index.php?rest_route=%2Fwp%2Fv2%2Fcomments&post=328"}],"version-history":[{"count":2,"href":"http:\/\/www.amap-brugeslebouscat.fr\/index.php?rest_route=\/wp\/v2\/posts\/328\/revisions"}],"predecessor-version":[{"id":331,"href":"http:\/\/www.amap-brugeslebouscat.fr\/index.php?rest_route=\/wp\/v2\/posts\/328\/revisions\/331"}],"wp:attachment":[{"href":"http:\/\/www.amap-brugeslebouscat.fr\/index.php?rest_route=%2Fwp%2Fv2%2Fmedia&parent=328"}],"wp:term":[{"taxonomy":"category","embeddable":true,"href":"http:\/\/www.amap-brugeslebouscat.fr\/index.php?rest_route=%2Fwp%2Fv2%2Fcategories&post=328"},{"taxonomy":"post_tag","embeddable":true,"href":"http:\/\/www.amap-brugeslebouscat.fr\/index.php?rest_route=%2Fwp%2Fv2%2Ftags&post=328"}],"curies":[{"name":"wp","href":"https:\/\/api.w.org\/{rel}","templated":true}]}}