{"id":348,"date":"2017-09-06T16:23:52","date_gmt":"2017-09-06T15:23:52","guid":{"rendered":"http:\/\/www.amap-brugeslebouscat.fr\/?p=348"},"modified":"2017-09-06T16:23:52","modified_gmt":"2017-09-06T15:23:52","slug":"renouvellement-des-contrats-pommes-et-jus-de-pommes","status":"publish","type":"post","link":"http:\/\/www.amap-brugeslebouscat.fr\/?p=348","title":{"rendered":"Renouvellement des contrats Pommes et Jus de pommes"},"content":{"rendered":"<p>Une nouvelle ann\u00e9e commence pour notre producteur et la premi\u00e8re distribution aura lieu le 18 septembre.<\/p>\n<p>Vous trouverez ci-dessous :<br \/>\n&#8211; le nouveau contrat pour les pommes et les jus exclusivement en bio cette ann\u00e9e<br \/>\n&#8211; des informations sur notre producteur accompagn\u00e9es d&rsquo;un mot de sa part pour expliquer leur conversion totale au bio<br \/>\n&#8211; les diff\u00e9rentes pommes propos\u00e9es<\/p>\n<p>Nous aimerions vous rappeler les grandes lignes organisationnelles des semaines \u00e0 venir :<br \/>\n&#8211; nous serons pr\u00e9sentes lundi 11 septembre pour r\u00e9cup\u00e9rer vos contrats en deux exemplaires sign\u00e9s avec les ch\u00e8ques place des fusill\u00e9s de 18 h30 \u00e0 19h30.<br \/>\n&#8211; nous vous demanderons alors si vous souhaitez \u00eatre pr\u00e9sents lors de la journ\u00e9e portes ouvertes sur le site de notre producteur le 16 septembre (infos en pj)<br \/>\n&#8211; vous pouvez si vous le souhaitez mettre les contrats dans nos boites aux lettres : soit chez Dani\u00e8le Pouvreau 15 b chemin de la Hutte \u00e0 Bruges ou chez C\u00e9cile Etchepare 42 rue Andr\u00e9 Malraux \u00e0 Bruges (dans ce cas l\u00e0 faites nous savoir si vous souhaitez \u00eatre pr\u00e9sents lors de la journ\u00e9e portes ouvertes le 16\/09)<br \/>\n&#8211; n&rsquo;h\u00e9sitez pas \u00e0 nous appeler si besoin est, nos coordonn\u00e9es t\u00e9l\u00e9phoniques sont sur les contrats<\/p>\n<p><a href=\"http:\/\/www.amap-brugeslebouscat.fr\/wp-content\/uploads\/2017\/09\/fiche-AMAP-pommes2017.pdf\">Fiche AMAP Pommes 2017<\/a><\/p>\n<p><a href=\"http:\/\/www.amap-brugeslebouscat.fr\/wp-content\/uploads\/2017\/09\/infos-2017-2018.pdf\">Infos 2017-2018<\/a><\/p>\n<p><a href=\"http:\/\/www.amap-brugeslebouscat.fr\/wp-content\/uploads\/2017\/09\/contrat-pommes-jus-bio-2017-2018.pdf\">Contrat pommes-jus bio 2017-2018<\/a><\/p>\n","protected":false},"excerpt":{"rendered":"<p>Une nouvelle ann\u00e9e commence pour notre producteur et la premi\u00e8re distribution aura lieu le 18 septembre. Vous trouverez ci-dessous : &#8211; le nouveau contrat pour les pommes et les jus exclusivement en bio cette ann\u00e9e &#8211; des informations sur notre producteur accompagn\u00e9es d&rsquo;un mot de sa part pour expliquer leur conversion totale au bio &#8211; [&hellip;]<\/p>\n","protected":false},"author":2,"featured_media":0,"comment_status":"open","ping_status":"open","sticky":false,"template":"","format":"standard","meta":{"_monsterinsights_skip_tracking":false,"_monsterinsights_sitenote_active":false,"_monsterinsights_sitenote_note":"","_monsterinsights_sitenote_category":0,"footnotes":""},"categories":[7],"tags":[],"_links":{"self":[{"href":"http:\/\/www.amap-brugeslebouscat.fr\/index.php?rest_route=\/wp\/v2\/posts\/348"}],"collection":[{"href":"http:\/\/www.amap-brugeslebouscat.fr\/index.php?rest_route=\/wp\/v2\/posts"}],"about":[{"href":"http:\/\/www.amap-brugeslebouscat.fr\/index.php?rest_route=\/wp\/v2\/types\/post"}],"author":[{"embeddable":true,"href":"http:\/\/www.amap-brugeslebouscat.fr\/index.php?rest_route=\/wp\/v2\/users\/2"}],"replies":[{"embeddable":true,"href":"http:\/\/www.amap-brugeslebouscat.fr\/index.php?rest_route=%2Fwp%2Fv2%2Fcomments&post=348"}],"version-history":[{"count":2,"href":"http:\/\/www.amap-brugeslebouscat.fr\/index.php?rest_route=\/wp\/v2\/posts\/348\/revisions"}],"predecessor-version":[{"id":353,"href":"http:\/\/www.amap-brugeslebouscat.fr\/index.php?rest_route=\/wp\/v2\/posts\/348\/revisions\/353"}],"wp:attachment":[{"href":"http:\/\/www.amap-brugeslebouscat.fr\/index.php?rest_route=%2Fwp%2Fv2%2Fmedia&parent=348"}],"wp:term":[{"taxonomy":"category","embeddable":true,"href":"http:\/\/www.amap-brugeslebouscat.fr\/index.php?rest_route=%2Fwp%2Fv2%2Fcategories&post=348"},{"taxonomy":"post_tag","embeddable":true,"href":"http:\/\/www.amap-brugeslebouscat.fr\/index.php?rest_route=%2Fwp%2Fv2%2Ftags&post=348"}],"curies":[{"name":"wp","href":"https:\/\/api.w.org\/{rel}","templated":true}]}}