{"id":359,"date":"2018-08-25T14:08:49","date_gmt":"2018-08-25T13:08:49","guid":{"rendered":"http:\/\/www.amap-brugeslebouscat.fr\/?p=359"},"modified":"2018-08-25T14:12:43","modified_gmt":"2018-08-25T13:12:43","slug":"assemblee-generale-du-1er-septembre-2018","status":"publish","type":"post","link":"http:\/\/www.amap-brugeslebouscat.fr\/?p=359","title":{"rendered":"Assembl\u00e9e G\u00e9n\u00e9rale du 1er septembre 2018"},"content":{"rendered":"<div>\n<p>Cher amapien,<i><\/i><\/p>\n<p>Nous avons le plaisir de vous informer que la prochaine Assembl\u00e9e G\u00e9n\u00e9rale Ordinaire de notre association se tiendra le samedi 1<sup>er<\/sup>\u00a0septembre 2018 \u00e0 10h30 \u00e0 la salle de la place des fusill\u00e9s \u00e0 Bruges (lieu habituel de distribution).<\/p>\n<p>L&rsquo;ordre du jour retenu est le suivant :<\/p>\n<ul>\n<li>Lecture des statuts et du r\u00e8glement int\u00e9rieur ;<\/li>\n<li>Pr\u00e9sentation des contrats, des producteurs et des coordinateurs;<\/li>\n<li>Election du bureau ;<\/li>\n<li>Approbation du budget\u00a0;<\/li>\n<li>Signature des adh\u00e9sions.<\/li>\n<\/ul>\n<p>Compte tenu de l&rsquo;importance particuli\u00e8re des questions trait\u00e9es, nous souhaitons que vous soyez pr\u00e9sent.<\/p>\n<p>Toutefois, en cas d&rsquo;impossibilit\u00e9, nous vous rappelons que le vote par procuration est autoris\u00e9.<\/p>\n<p>Ainsi, si vous n\u2019\u00eates pas en mesure d\u2019assister \u00e0 l&rsquo;Assembl\u00e9e G\u00e9n\u00e9rale, vous trouverez ci-joint un formulaire de vote par procuration.<\/p>\n<p>Vous pourrez ainsi vous faire repr\u00e9senter par un adh\u00e9rent de votre choix. Nous vous rappelons que seule la personne ayant un contrat pourra participer \u00e0 l&rsquo;Assembl\u00e9e G\u00e9n\u00e9rale Ordinaire.<\/p>\n<p>De plus, vous pouvez \u00e9galement vous pr\u00e9senter en tant que membre du bureau. Vous trouverez ci joint une fiche descriptive des fonctions des postes \u00e0 pouvoir.<\/p>\n<p>Dans l&rsquo;attente de notre rencontre, nous vous prions d&rsquo;agr\u00e9er, cher amapien, nos sinc\u00e8res salutations.<\/p>\n<p>Les coordinateurs<\/p>\n<\/div>\n<div dir=\"ltr\">AMAP DE LA TERRE A L&rsquo;ASSIETTE<\/div>\n<div dir=\"ltr\"><\/div>\n<div dir=\"ltr\"><a href=\"http:\/\/www.amap-brugeslebouscat.fr\/wp-content\/uploads\/2018\/08\/COMPOSITION-DU-BUREAU.pdf\">COMPOSITION DU BUREAU<\/a>\u00a0<a href=\"http:\/\/www.amap-brugeslebouscat.fr\/wp-content\/uploads\/2018\/08\/PROCURATION.pdf\">PROCURATION<\/a><\/div>\n","protected":false},"excerpt":{"rendered":"<p>Cher amapien, Nous avons le plaisir de vous informer que la prochaine Assembl\u00e9e G\u00e9n\u00e9rale Ordinaire de notre association se tiendra le samedi 1er\u00a0septembre 2018 \u00e0 10h30 \u00e0 la salle de la place des fusill\u00e9s \u00e0 Bruges (lieu habituel de distribution). L&rsquo;ordre du jour retenu est le suivant : Lecture des statuts et du r\u00e8glement int\u00e9rieur [&hellip;]<\/p>\n","protected":false},"author":3,"featured_media":0,"comment_status":"open","ping_status":"open","sticky":false,"template":"","format":"standard","meta":{"_monsterinsights_skip_tracking":false,"_monsterinsights_sitenote_active":false,"_monsterinsights_sitenote_note":"","_monsterinsights_sitenote_category":0,"footnotes":""},"categories":[7],"tags":[],"_links":{"self":[{"href":"http:\/\/www.amap-brugeslebouscat.fr\/index.php?rest_route=\/wp\/v2\/posts\/359"}],"collection":[{"href":"http:\/\/www.amap-brugeslebouscat.fr\/index.php?rest_route=\/wp\/v2\/posts"}],"about":[{"href":"http:\/\/www.amap-brugeslebouscat.fr\/index.php?rest_route=\/wp\/v2\/types\/post"}],"author":[{"embeddable":true,"href":"http:\/\/www.amap-brugeslebouscat.fr\/index.php?rest_route=\/wp\/v2\/users\/3"}],"replies":[{"embeddable":true,"href":"http:\/\/www.amap-brugeslebouscat.fr\/index.php?rest_route=%2Fwp%2Fv2%2Fcomments&post=359"}],"version-history":[{"count":4,"href":"http:\/\/www.amap-brugeslebouscat.fr\/index.php?rest_route=\/wp\/v2\/posts\/359\/revisions"}],"predecessor-version":[{"id":365,"href":"http:\/\/www.amap-brugeslebouscat.fr\/index.php?rest_route=\/wp\/v2\/posts\/359\/revisions\/365"}],"wp:attachment":[{"href":"http:\/\/www.amap-brugeslebouscat.fr\/index.php?rest_route=%2Fwp%2Fv2%2Fmedia&parent=359"}],"wp:term":[{"taxonomy":"category","embeddable":true,"href":"http:\/\/www.amap-brugeslebouscat.fr\/index.php?rest_route=%2Fwp%2Fv2%2Fcategories&post=359"},{"taxonomy":"post_tag","embeddable":true,"href":"http:\/\/www.amap-brugeslebouscat.fr\/index.php?rest_route=%2Fwp%2Fv2%2Ftags&post=359"}],"curies":[{"name":"wp","href":"https:\/\/api.w.org\/{rel}","templated":true}]}}