{"id":367,"date":"2018-09-04T20:57:06","date_gmt":"2018-09-04T19:57:06","guid":{"rendered":"http:\/\/www.amap-brugeslebouscat.fr\/?p=367"},"modified":"2018-09-04T20:59:09","modified_gmt":"2018-09-04T19:59:09","slug":"les-produits-de-la-ferme-des-charmes","status":"publish","type":"post","link":"http:\/\/www.amap-brugeslebouscat.fr\/?p=367","title":{"rendered":"Les produits de la Ferme des Charmes"},"content":{"rendered":"<p style=\"text-align: center;\">\u00a0<a href=\"http:\/\/www.amap-brugeslebouscat.fr\/wp-content\/uploads\/2018\/09\/Charmes1.jpg\"><img loading=\"lazy\" decoding=\"async\" class=\"alignnone size-medium wp-image-368\" alt=\"Charmes1\" src=\"http:\/\/www.amap-brugeslebouscat.fr\/wp-content\/uploads\/2018\/09\/Charmes1-300x140.jpg\" width=\"300\" height=\"140\" srcset=\"http:\/\/www.amap-brugeslebouscat.fr\/wp-content\/uploads\/2018\/09\/Charmes1-300x140.jpg 300w, http:\/\/www.amap-brugeslebouscat.fr\/wp-content\/uploads\/2018\/09\/Charmes1.jpg 320w\" sizes=\"(max-width: 300px) 100vw, 300px\" \/><\/a><\/p>\n<p style=\"text-align: center;\">Vous trouverez ci-dessous la nouvelle gamme des produits d\u00e9riv\u00e9s de la Ferme des Charmes.<\/p>\n<p style=\"text-align: center;\">Le 10 septembre lors de la distribution de viande vous aurez le plaisir de d\u00e9couvrir la gamme des produits de la Ferme des Charmes.<\/p>\n<p style=\"text-align: center;\"><a href=\"http:\/\/www.amap-brugeslebouscat.fr\/wp-content\/uploads\/2018\/09\/Charmes2.jpg\"><img loading=\"lazy\" decoding=\"async\" class=\"alignnone size-medium wp-image-369\" alt=\"Charmes2\" src=\"http:\/\/www.amap-brugeslebouscat.fr\/wp-content\/uploads\/2018\/09\/Charmes2-300x225.jpg\" width=\"300\" height=\"225\" srcset=\"http:\/\/www.amap-brugeslebouscat.fr\/wp-content\/uploads\/2018\/09\/Charmes2-300x225.jpg 300w, http:\/\/www.amap-brugeslebouscat.fr\/wp-content\/uploads\/2018\/09\/Charmes2-1024x768.jpg 1024w\" sizes=\"(max-width: 300px) 100vw, 300px\" \/><\/a><\/p>\n<div dir=\"ltr\" style=\"text-align: center;\">\n<p><strong>Nos verrines<\/strong><br \/>\nP\u00e2t\u00e9 de la Ferme (190g) : 5,50 \u20ac<br \/>\nLentilles saucisses (800g) : 14 \u20ac<br \/>\nTripes de b\u0153uf (800g) : 14 \u20ac<br \/>\nChili con carne (800g) : 14 \u20ac<br \/>\nLangue de b\u0153uf sauce vin blanc et tomates (540g) : 12,50 \u20ac<br \/>\nSauce bolognaise (370 mL) : 6,50 \u20ac<br \/>\nVelout\u00e9 de lentillons de Champagne (800mL) : 6,50 \u20ac<\/p>\n<p>&nbsp;<\/p>\n<p><strong>mais \u00e9galement \u2026<\/strong><\/p>\n<p>&nbsp;<\/p>\n<p>jambon de pays (sous vide d&rsquo;environ 100g) : 5 \u20ac<br \/>\nsaucisse s\u00e8che (sous vide de 200g environ) : 6,50 \u20ac<\/p>\n<p>&nbsp;<\/p>\n<p>lentillon de Champagne (sachet de 800g) : 5 \u20ac<br \/>\nfarine de bl\u00e9 T80 : 2,50 \u20ac\/kg<br \/>\nfarine de sarrasin : 4,25 \u20ac\/kg<br \/>\nChapelure (sachet de 200g) : 2,30 \u20ac<br \/>\n<span style=\"color: #94792c;\">Noix** : 5,20 \u20ac\/kg<\/span><br \/>\nHuile de noix (25cl) : 9 \u20ac<br \/>\nBoudin (200g) 3\u20ac<br \/>\n<span style=\"color: #3366ff;\">Merguez ***(b\u0153uf et cochon) : 14 \u20ac\/kg<\/span><br \/>\n<span style=\"color: #3366ff;\">Saucisse de porc *** : 15 \u20ac\/kg<\/span><br \/>\n<span style=\"color: #3366ff;\">Saucisse de b\u0153uf *** : 15 \u20ac\/kg<\/span><\/p>\n<p>&nbsp;<\/p>\n<p style=\"text-align: left;\"><span style=\"color: #94792c;\">** : noix disponibles de la r\u00e9colte au mois de mars<\/span><br \/>\n<span style=\"color: #3366ff;\">*** : en juin et septembre sur commande<\/span><\/p>\n<\/div>\n","protected":false},"excerpt":{"rendered":"<p>\u00a0 Vous trouverez ci-dessous la nouvelle gamme des produits d\u00e9riv\u00e9s de la Ferme des Charmes. Le 10 septembre lors de la distribution de viande vous aurez le plaisir de d\u00e9couvrir la gamme des produits de la Ferme des Charmes. Nos verrines P\u00e2t\u00e9 de la Ferme (190g) : 5,50 \u20ac Lentilles saucisses (800g) : 14 \u20ac [&hellip;]<\/p>\n","protected":false},"author":2,"featured_media":0,"comment_status":"open","ping_status":"open","sticky":false,"template":"","format":"standard","meta":{"_monsterinsights_skip_tracking":false,"_monsterinsights_sitenote_active":false,"_monsterinsights_sitenote_note":"","_monsterinsights_sitenote_category":0,"footnotes":""},"categories":[7],"tags":[],"_links":{"self":[{"href":"http:\/\/www.amap-brugeslebouscat.fr\/index.php?rest_route=\/wp\/v2\/posts\/367"}],"collection":[{"href":"http:\/\/www.amap-brugeslebouscat.fr\/index.php?rest_route=\/wp\/v2\/posts"}],"about":[{"href":"http:\/\/www.amap-brugeslebouscat.fr\/index.php?rest_route=\/wp\/v2\/types\/post"}],"author":[{"embeddable":true,"href":"http:\/\/www.amap-brugeslebouscat.fr\/index.php?rest_route=\/wp\/v2\/users\/2"}],"replies":[{"embeddable":true,"href":"http:\/\/www.amap-brugeslebouscat.fr\/index.php?rest_route=%2Fwp%2Fv2%2Fcomments&post=367"}],"version-history":[{"count":11,"href":"http:\/\/www.amap-brugeslebouscat.fr\/index.php?rest_route=\/wp\/v2\/posts\/367\/revisions"}],"predecessor-version":[{"id":378,"href":"http:\/\/www.amap-brugeslebouscat.fr\/index.php?rest_route=\/wp\/v2\/posts\/367\/revisions\/378"}],"wp:attachment":[{"href":"http:\/\/www.amap-brugeslebouscat.fr\/index.php?rest_route=%2Fwp%2Fv2%2Fmedia&parent=367"}],"wp:term":[{"taxonomy":"category","embeddable":true,"href":"http:\/\/www.amap-brugeslebouscat.fr\/index.php?rest_route=%2Fwp%2Fv2%2Fcategories&post=367"},{"taxonomy":"post_tag","embeddable":true,"href":"http:\/\/www.amap-brugeslebouscat.fr\/index.php?rest_route=%2Fwp%2Fv2%2Ftags&post=367"}],"curies":[{"name":"wp","href":"https:\/\/api.w.org\/{rel}","templated":true}]}}