{"id":384,"date":"2018-09-14T14:54:00","date_gmt":"2018-09-14T13:54:00","guid":{"rendered":"http:\/\/www.amap-brugeslebouscat.fr\/?p=384"},"modified":"2018-09-14T15:04:13","modified_gmt":"2018-09-14T14:04:13","slug":"portes-ouvertes-a-la-ferme-manieu","status":"publish","type":"post","link":"http:\/\/www.amap-brugeslebouscat.fr\/?p=384","title":{"rendered":"Portes ouvertes \u00e0 la Ferme Manieu"},"content":{"rendered":"<p>Bonjour \u00e0 tous,<\/p>\n<p>Nous avons le plaisir de vous convier \u00e0 la visite de la ferme de notre productrice Marl\u00e8ne.<\/p>\n<p>Nous vous donnons rendez-vous le dimanche 23 septembre directement \u00e0 la ferme<\/p>\n<p>avec <b>une tenue d\u00e9contract\u00e9e avec des bottes ou chaussures de randonn\u00e9es<\/b>.<\/p>\n<p align=\"center\"><b>Programme de la journ\u00e9e<\/b><\/p>\n<ul>\n<ul>\n<li>\u00a011 H\u00a0: Accueil des Amapiens et de leurs familles autour d\u2019un caf\u00e9, puis visite de l\u2019\u00e9levage.<\/li>\n<\/ul>\n<\/ul>\n<p>&nbsp;<\/p>\n<ul>\n<li>13 H\u00a0: pique-nique style \u00ab\u00a0auberge espagnole\u00a0\u00bb o\u00f9 tout le monde am\u00e8ne un plat \u00e0 partager et D\u00e9gustation de fromages de ch\u00e8vre et explication de la fabrication.<\/li>\n<li>15 H\u00a0: Promenade digestive et p\u00e2turage des ch\u00e8vres.<\/li>\n<li>17 H\u00a0: Retour sur la ferme.<\/li>\n<li>18 H \u00a0: Traite des ch\u00e8vres.<\/li>\n<\/ul>\n<p>&nbsp;<\/p>\n<p>&nbsp;<\/p>\n<p align=\"center\"><b>Petit mot de la productrice<\/b><\/p>\n<p><i>J\u2019ai invit\u00e9 la plupart des AMAP que nous servons pour avoir un groupe cons\u00e9quent. C\u2019est pour cela que je demanderai \u00e0 chaque coordinateur de me donner le nombre de personnes participant \u00e0 la visite \u00e0 quelque chose pr\u00eat pour que nous puissions nous organiser.<\/i><\/p>\n<p><i>Merci \u00e0 tous.<\/i><\/p>\n<p><i>Marl\u00e8ne<\/i><\/p>\n<p>&nbsp;<\/p>\n<p align=\"center\"><b>Quelques informations<\/b><\/p>\n<p>&nbsp;<\/p>\n<p><b>FERME MANIEU NOEL<\/b><\/p>\n<p><b>Lieu dit Manieu No\u00ebl<\/b><\/p>\n<p><b>33760 COURPIAC<\/b><\/p>\n<p>&nbsp;<\/p>\n<p><b>Votre coordinatrice<\/b><\/p>\n<p><b>Aur\u00e9lie RICAUD<\/b><\/p>\n<p><b><i>Portable\u00a0: 06.87.96.01.60<\/i><\/b><\/p>\n<p><b><i>Email\u00a0: aurelie.ricaud44@gmail.com<\/i><\/b><\/p>\n<p><a href=\"http:\/\/www.amap-brugeslebouscat.fr\/wp-content\/uploads\/2018\/09\/PORTES-OUVERTES-FROMAGE-CHEVRE-2018.pdf\">PORTES-OUVERTES-FROMAGE-CHEVRE-2018<\/a><\/p>\n","protected":false},"excerpt":{"rendered":"<p>Bonjour \u00e0 tous, Nous avons le plaisir de vous convier \u00e0 la visite de la ferme de notre productrice Marl\u00e8ne. Nous vous donnons rendez-vous le dimanche 23 septembre directement \u00e0 la ferme avec une tenue d\u00e9contract\u00e9e avec des bottes ou chaussures de randonn\u00e9es. Programme de la journ\u00e9e \u00a011 H\u00a0: Accueil des Amapiens et de leurs [&hellip;]<\/p>\n","protected":false},"author":3,"featured_media":0,"comment_status":"open","ping_status":"open","sticky":false,"template":"","format":"standard","meta":{"_monsterinsights_skip_tracking":false,"_monsterinsights_sitenote_active":false,"_monsterinsights_sitenote_note":"","_monsterinsights_sitenote_category":0,"footnotes":""},"categories":[7],"tags":[],"_links":{"self":[{"href":"http:\/\/www.amap-brugeslebouscat.fr\/index.php?rest_route=\/wp\/v2\/posts\/384"}],"collection":[{"href":"http:\/\/www.amap-brugeslebouscat.fr\/index.php?rest_route=\/wp\/v2\/posts"}],"about":[{"href":"http:\/\/www.amap-brugeslebouscat.fr\/index.php?rest_route=\/wp\/v2\/types\/post"}],"author":[{"embeddable":true,"href":"http:\/\/www.amap-brugeslebouscat.fr\/index.php?rest_route=\/wp\/v2\/users\/3"}],"replies":[{"embeddable":true,"href":"http:\/\/www.amap-brugeslebouscat.fr\/index.php?rest_route=%2Fwp%2Fv2%2Fcomments&post=384"}],"version-history":[{"count":5,"href":"http:\/\/www.amap-brugeslebouscat.fr\/index.php?rest_route=\/wp\/v2\/posts\/384\/revisions"}],"predecessor-version":[{"id":386,"href":"http:\/\/www.amap-brugeslebouscat.fr\/index.php?rest_route=\/wp\/v2\/posts\/384\/revisions\/386"}],"wp:attachment":[{"href":"http:\/\/www.amap-brugeslebouscat.fr\/index.php?rest_route=%2Fwp%2Fv2%2Fmedia&parent=384"}],"wp:term":[{"taxonomy":"category","embeddable":true,"href":"http:\/\/www.amap-brugeslebouscat.fr\/index.php?rest_route=%2Fwp%2Fv2%2Fcategories&post=384"},{"taxonomy":"post_tag","embeddable":true,"href":"http:\/\/www.amap-brugeslebouscat.fr\/index.php?rest_route=%2Fwp%2Fv2%2Ftags&post=384"}],"curies":[{"name":"wp","href":"https:\/\/api.w.org\/{rel}","templated":true}]}}