{"id":39,"date":"2008-10-09T19:50:15","date_gmt":"2008-10-09T17:50:15","guid":{"rendered":"http:\/\/www.amap-brugeslebouscat.fr\/?p=39"},"modified":"2008-10-09T19:50:15","modified_gmt":"2008-10-09T17:50:15","slug":"vivexpo","status":"publish","type":"post","link":"http:\/\/www.amap-brugeslebouscat.fr\/?p=39","title":{"rendered":"Viv&rsquo;Expo"},"content":{"rendered":"<p>Le salon Viv&rsquo;Expo con\u00e7u pour sensibiliser le grand public \u00e0 de nouveaux modes de vie et de consommation plus sains et plus respectueux de l&rsquo;environnement se tient \u00e0 Bordeaux-Lac ce week-end.<\/p>\n<p>Il y aura notamment en ce qui concerne l&rsquo;alimentation, \u00a0des producteurs, transformateurs, distributeurs de produits alimentaires. Un march\u00e9 bio s&rsquo;y tiendra \u00e9galement.<\/p>\n<p>Cela peut \u00eatre l&rsquo;occasion de d\u00e9couvrir de nouveaux producteurs pr\u00eats \u00e0 nous fournir pour l&rsquo; AMAP.<\/p>\n<p>Vous pouvez consulter le site du salon : <a href=\"http:\/\/www.vivexpo.com\" target=\"_blank\">http:\/\/www.vivexpo.com<\/a><\/p>\n","protected":false},"excerpt":{"rendered":"<p>Le salon Viv&rsquo;Expo con\u00e7u pour sensibiliser le grand public \u00e0 de nouveaux modes de vie et de consommation plus sains et plus respectueux de l&rsquo;environnement se tient \u00e0 Bordeaux-Lac ce week-end. Il y aura notamment en ce qui concerne l&rsquo;alimentation, \u00a0des producteurs, transformateurs, distributeurs de produits alimentaires. Un march\u00e9 bio s&rsquo;y tiendra \u00e9galement. Cela peut [&hellip;]<\/p>\n","protected":false},"author":2,"featured_media":0,"comment_status":"open","ping_status":"open","sticky":false,"template":"","format":"standard","meta":{"_monsterinsights_skip_tracking":false,"_monsterinsights_sitenote_active":false,"_monsterinsights_sitenote_note":"","_monsterinsights_sitenote_category":0,"footnotes":""},"categories":[5],"tags":[],"_links":{"self":[{"href":"http:\/\/www.amap-brugeslebouscat.fr\/index.php?rest_route=\/wp\/v2\/posts\/39"}],"collection":[{"href":"http:\/\/www.amap-brugeslebouscat.fr\/index.php?rest_route=\/wp\/v2\/posts"}],"about":[{"href":"http:\/\/www.amap-brugeslebouscat.fr\/index.php?rest_route=\/wp\/v2\/types\/post"}],"author":[{"embeddable":true,"href":"http:\/\/www.amap-brugeslebouscat.fr\/index.php?rest_route=\/wp\/v2\/users\/2"}],"replies":[{"embeddable":true,"href":"http:\/\/www.amap-brugeslebouscat.fr\/index.php?rest_route=%2Fwp%2Fv2%2Fcomments&post=39"}],"version-history":[{"count":4,"href":"http:\/\/www.amap-brugeslebouscat.fr\/index.php?rest_route=\/wp\/v2\/posts\/39\/revisions"}],"predecessor-version":[{"id":45,"href":"http:\/\/www.amap-brugeslebouscat.fr\/index.php?rest_route=\/wp\/v2\/posts\/39\/revisions\/45"}],"wp:attachment":[{"href":"http:\/\/www.amap-brugeslebouscat.fr\/index.php?rest_route=%2Fwp%2Fv2%2Fmedia&parent=39"}],"wp:term":[{"taxonomy":"category","embeddable":true,"href":"http:\/\/www.amap-brugeslebouscat.fr\/index.php?rest_route=%2Fwp%2Fv2%2Fcategories&post=39"},{"taxonomy":"post_tag","embeddable":true,"href":"http:\/\/www.amap-brugeslebouscat.fr\/index.php?rest_route=%2Fwp%2Fv2%2Ftags&post=39"}],"curies":[{"name":"wp","href":"https:\/\/api.w.org\/{rel}","templated":true}]}}