{"id":417,"date":"2018-12-04T10:20:00","date_gmt":"2018-12-04T09:20:00","guid":{"rendered":"http:\/\/www.amap-brugeslebouscat.fr\/?p=417"},"modified":"2018-12-04T10:20:00","modified_gmt":"2018-12-04T09:20:00","slug":"soiree-cine-debat-sur-les-villes-en-transition","status":"publish","type":"post","link":"http:\/\/www.amap-brugeslebouscat.fr\/?p=417","title":{"rendered":"Soir\u00e9e Cin\u00e9-D\u00e9bat sur les villes en transition !"},"content":{"rendered":"<p><a href=\"http:\/\/www.amap-brugeslebouscat.fr\/wp-content\/uploads\/2018\/12\/5c006fba9d579c5f2830ec03.jpg\"><img loading=\"lazy\" decoding=\"async\" class=\"wp-image-418 aligncenter\" src=\"http:\/\/www.amap-brugeslebouscat.fr\/wp-content\/uploads\/2018\/12\/5c006fba9d579c5f2830ec03-300x157.jpg\" alt=\"\" width=\"381\" height=\"203\" \/><\/a><\/p>\n<h3><strong>Co-construire la transition \u00e9cologique \u00e0 Bruges<\/strong><\/h3>\n<h3>Le 7 d\u00e9cembre, c&rsquo;est soir\u00e9e Cin\u00e9-D\u00e9bat !<\/h3>\n<p>Mais au fait&#8230; la transition c&rsquo;est quoi ? En d\u00e9cembre, on vous propose de nous r\u00e9unir autour de cette th\u00e9matique g\u00e9n\u00e9rale. Au programme ? Projection du film \u00ab\u00a0En transition 2.0\u00a0\u00bb du r\u00e9seau des villes en transition : un film riche de nombreuses exp\u00e9riences inspirantes. Que vous ayez envie de vous informer ou envie de vous investir, vous \u00eates bienvenu ! Alors rendez-vous :<\/p>\n<p style=\"text-align: center;\"><strong>Vendredi 7 d\u00e9cembre<\/strong><\/p>\n<p style=\"text-align: center;\"><strong>de 18h30 \u00e0 20h30<\/strong><\/p>\n<p style=\"text-align: center;\"><strong>au Domaine de Biston<\/strong><\/p>\n<p style=\"text-align: center;\"><strong>82 avenue de Verdun, Bruges<\/strong><\/p>\n<p>La projection sera suivie d&rsquo;un d\u00e9bat autour des actions possibles, qu&rsquo;elles soient individuelles ou collectives, sur notre commune.<\/p>\n<p>Comme d&rsquo;habitude, nous ne nous quitterons pas sans la traditionnelle auberge espagnole : chacun apporte sa vaisselle et un petit quelque chose \u00e0 partager !<\/p>\n<p>Retrouvez l&rsquo;article complet en suivant <a href=\"http:\/\/3r4gs.r.ah.d.sendibm4.com\/mk\/mr\/Y_4PHYIDe0eWoflYmydIo84GypgtT2MEuUWDehNDaL5oQRRHFsBYoPN49s8CJP0wF62Wc3PJzxT-ZZPRFAnxPJeZzLjnwSzT2t4P8zaDDg\">ce lien<\/a><\/p>\n","protected":false},"excerpt":{"rendered":"<p>Co-construire la transition \u00e9cologique \u00e0 Bruges Le 7 d\u00e9cembre, c&rsquo;est soir\u00e9e Cin\u00e9-D\u00e9bat ! Mais au fait&#8230; la transition c&rsquo;est quoi ? En d\u00e9cembre, on vous propose de nous r\u00e9unir autour de cette th\u00e9matique g\u00e9n\u00e9rale. Au programme ? Projection du film \u00ab\u00a0En transition 2.0\u00a0\u00bb du r\u00e9seau des villes en transition : un film riche de nombreuses [&hellip;]<\/p>\n","protected":false},"author":2,"featured_media":0,"comment_status":"open","ping_status":"open","sticky":false,"template":"","format":"standard","meta":{"_monsterinsights_skip_tracking":false,"_monsterinsights_sitenote_active":false,"_monsterinsights_sitenote_note":"","_monsterinsights_sitenote_category":0,"footnotes":""},"categories":[5],"tags":[],"_links":{"self":[{"href":"http:\/\/www.amap-brugeslebouscat.fr\/index.php?rest_route=\/wp\/v2\/posts\/417"}],"collection":[{"href":"http:\/\/www.amap-brugeslebouscat.fr\/index.php?rest_route=\/wp\/v2\/posts"}],"about":[{"href":"http:\/\/www.amap-brugeslebouscat.fr\/index.php?rest_route=\/wp\/v2\/types\/post"}],"author":[{"embeddable":true,"href":"http:\/\/www.amap-brugeslebouscat.fr\/index.php?rest_route=\/wp\/v2\/users\/2"}],"replies":[{"embeddable":true,"href":"http:\/\/www.amap-brugeslebouscat.fr\/index.php?rest_route=%2Fwp%2Fv2%2Fcomments&post=417"}],"version-history":[{"count":3,"href":"http:\/\/www.amap-brugeslebouscat.fr\/index.php?rest_route=\/wp\/v2\/posts\/417\/revisions"}],"predecessor-version":[{"id":421,"href":"http:\/\/www.amap-brugeslebouscat.fr\/index.php?rest_route=\/wp\/v2\/posts\/417\/revisions\/421"}],"wp:attachment":[{"href":"http:\/\/www.amap-brugeslebouscat.fr\/index.php?rest_route=%2Fwp%2Fv2%2Fmedia&parent=417"}],"wp:term":[{"taxonomy":"category","embeddable":true,"href":"http:\/\/www.amap-brugeslebouscat.fr\/index.php?rest_route=%2Fwp%2Fv2%2Fcategories&post=417"},{"taxonomy":"post_tag","embeddable":true,"href":"http:\/\/www.amap-brugeslebouscat.fr\/index.php?rest_route=%2Fwp%2Fv2%2Ftags&post=417"}],"curies":[{"name":"wp","href":"https:\/\/api.w.org\/{rel}","templated":true}]}}