{"id":84,"date":"2009-02-02T10:33:11","date_gmt":"2009-02-02T08:33:11","guid":{"rendered":"http:\/\/www.amap-brugeslebouscat.fr\/?p=84"},"modified":"2009-02-02T10:39:06","modified_gmt":"2009-02-02T08:39:06","slug":"article-sud-ouest-un-vent-de-solidarite-sous-les-serres","status":"publish","type":"post","link":"http:\/\/www.amap-brugeslebouscat.fr\/?p=84","title":{"rendered":"Sud-Ouest &#8211; \u00ab\u00a0Un vent de solidarit\u00e9 sous les serres\u00a0\u00bb"},"content":{"rendered":"<p>Sud-Ouest \u00e9voque les probl\u00e8mes rencontr\u00e9s par les mara\u00eechers de la r\u00e9gion suite \u00e0 la temp\u00eate, et plus particuli\u00e8rement la situation d&rsquo;Aurore Sournac.<\/p>\n<p>A consulter ici :<\/p>\n<p><a href=\"http:\/\/www.sudouest.com\/gironde\/actualite\/bordeaux\/article\/489704\/mil\/4112622.html\" target=\"_blank\">http:\/\/www.sudouest.com\/gironde\/actualite\/bordeaux\/article\/489704\/mil\/4112622.html<\/a><\/p>\n","protected":false},"excerpt":{"rendered":"<p>Sud-Ouest \u00e9voque les probl\u00e8mes rencontr\u00e9s par les mara\u00eechers de la r\u00e9gion suite \u00e0 la temp\u00eate, et plus particuli\u00e8rement la situation d&rsquo;Aurore Sournac. A consulter ici : http:\/\/www.sudouest.com\/gironde\/actualite\/bordeaux\/article\/489704\/mil\/4112622.html<\/p>\n","protected":false},"author":2,"featured_media":0,"comment_status":"open","ping_status":"open","sticky":false,"template":"","format":"standard","meta":{"_monsterinsights_skip_tracking":false,"_monsterinsights_sitenote_active":false,"_monsterinsights_sitenote_note":"","_monsterinsights_sitenote_category":0,"footnotes":""},"categories":[4],"tags":[],"_links":{"self":[{"href":"http:\/\/www.amap-brugeslebouscat.fr\/index.php?rest_route=\/wp\/v2\/posts\/84"}],"collection":[{"href":"http:\/\/www.amap-brugeslebouscat.fr\/index.php?rest_route=\/wp\/v2\/posts"}],"about":[{"href":"http:\/\/www.amap-brugeslebouscat.fr\/index.php?rest_route=\/wp\/v2\/types\/post"}],"author":[{"embeddable":true,"href":"http:\/\/www.amap-brugeslebouscat.fr\/index.php?rest_route=\/wp\/v2\/users\/2"}],"replies":[{"embeddable":true,"href":"http:\/\/www.amap-brugeslebouscat.fr\/index.php?rest_route=%2Fwp%2Fv2%2Fcomments&post=84"}],"version-history":[{"count":2,"href":"http:\/\/www.amap-brugeslebouscat.fr\/index.php?rest_route=\/wp\/v2\/posts\/84\/revisions"}],"predecessor-version":[{"id":86,"href":"http:\/\/www.amap-brugeslebouscat.fr\/index.php?rest_route=\/wp\/v2\/posts\/84\/revisions\/86"}],"wp:attachment":[{"href":"http:\/\/www.amap-brugeslebouscat.fr\/index.php?rest_route=%2Fwp%2Fv2%2Fmedia&parent=84"}],"wp:term":[{"taxonomy":"category","embeddable":true,"href":"http:\/\/www.amap-brugeslebouscat.fr\/index.php?rest_route=%2Fwp%2Fv2%2Fcategories&post=84"},{"taxonomy":"post_tag","embeddable":true,"href":"http:\/\/www.amap-brugeslebouscat.fr\/index.php?rest_route=%2Fwp%2Fv2%2Ftags&post=84"}],"curies":[{"name":"wp","href":"https:\/\/api.w.org\/{rel}","templated":true}]}}