{"id":95,"date":"2009-04-06T10:43:09","date_gmt":"2009-04-06T08:43:09","guid":{"rendered":"http:\/\/www.amap-brugeslebouscat.fr\/?p=95"},"modified":"2009-04-06T10:43:09","modified_gmt":"2009-04-06T08:43:09","slug":"article-sud-ouest-rencontre-des-amap-daquitaine","status":"publish","type":"post","link":"http:\/\/www.amap-brugeslebouscat.fr\/?p=95","title":{"rendered":"Article Sud-Ouest &#8211; Rencontre des Amap d&rsquo;Aquitaine"},"content":{"rendered":"<p>Un <a href=\"http:\/\/www.sudouest.com\/accueil\/actualite\/france\/article\/552159\/mil\/4373699.html\" target=\"_blank\">article de Sud-Ouest<\/a> \u00e0 l&rsquo;occasion de la rencontre des Amap d&rsquo;Aquitaine qui s&rsquo;est d\u00e9roul\u00e9e hier \u00e0 Belin-B\u00e9liet.<\/p>\n<p>Version t\u00e9l\u00e9chargeable <a href=\"http:\/\/www.amap-brugeslebouscat.fr\/wp-content\/uploads\/2009\/04\/article_sudouest_20090406.pdf\">ici<\/a>.<\/p>\n","protected":false},"excerpt":{"rendered":"<p>Un article de Sud-Ouest \u00e0 l&rsquo;occasion de la rencontre des Amap d&rsquo;Aquitaine qui s&rsquo;est d\u00e9roul\u00e9e hier \u00e0 Belin-B\u00e9liet. Version t\u00e9l\u00e9chargeable ici.<\/p>\n","protected":false},"author":2,"featured_media":0,"comment_status":"open","ping_status":"open","sticky":false,"template":"","format":"standard","meta":{"_monsterinsights_skip_tracking":false,"_monsterinsights_sitenote_active":false,"_monsterinsights_sitenote_note":"","_monsterinsights_sitenote_category":0,"footnotes":""},"categories":[4],"tags":[],"_links":{"self":[{"href":"http:\/\/www.amap-brugeslebouscat.fr\/index.php?rest_route=\/wp\/v2\/posts\/95"}],"collection":[{"href":"http:\/\/www.amap-brugeslebouscat.fr\/index.php?rest_route=\/wp\/v2\/posts"}],"about":[{"href":"http:\/\/www.amap-brugeslebouscat.fr\/index.php?rest_route=\/wp\/v2\/types\/post"}],"author":[{"embeddable":true,"href":"http:\/\/www.amap-brugeslebouscat.fr\/index.php?rest_route=\/wp\/v2\/users\/2"}],"replies":[{"embeddable":true,"href":"http:\/\/www.amap-brugeslebouscat.fr\/index.php?rest_route=%2Fwp%2Fv2%2Fcomments&post=95"}],"version-history":[{"count":1,"href":"http:\/\/www.amap-brugeslebouscat.fr\/index.php?rest_route=\/wp\/v2\/posts\/95\/revisions"}],"predecessor-version":[{"id":97,"href":"http:\/\/www.amap-brugeslebouscat.fr\/index.php?rest_route=\/wp\/v2\/posts\/95\/revisions\/97"}],"wp:attachment":[{"href":"http:\/\/www.amap-brugeslebouscat.fr\/index.php?rest_route=%2Fwp%2Fv2%2Fmedia&parent=95"}],"wp:term":[{"taxonomy":"category","embeddable":true,"href":"http:\/\/www.amap-brugeslebouscat.fr\/index.php?rest_route=%2Fwp%2Fv2%2Fcategories&post=95"},{"taxonomy":"post_tag","embeddable":true,"href":"http:\/\/www.amap-brugeslebouscat.fr\/index.php?rest_route=%2Fwp%2Fv2%2Ftags&post=95"}],"curies":[{"name":"wp","href":"https:\/\/api.w.org\/{rel}","templated":true}]}}